{"id":877,"date":"2016-02-07T07:38:18","date_gmt":"2016-02-07T06:38:18","guid":{"rendered":"http:\/\/blogs.laverdad.es\/primeraplana\/?p=877"},"modified":"2016-02-07T07:38:18","modified_gmt":"2016-02-07T06:38:18","slug":"el-nuevo-adanismo","status":"publish","type":"post","link":"https:\/\/blogs.laverdad.es\/primeraplana\/2016\/02\/07\/el-nuevo-adanismo\/","title":{"rendered":"El nuevo adanismo"},"content":{"rendered":"<p>Pablo Iglesias, el l\u00edder de Podemos, era unos meses mayor que el beb\u00e9 de Bescansa cuando entr\u00e9 a estudiar en la Complutense. Era el a\u00f1o 1979 y la democracia estaba todav\u00eda en plena construcci\u00f3n. Se hab\u00edan legalizado los partidos pol\u00edticos, incluido el PCE, y los espa\u00f1oles hab\u00edan aprobado mayoritariamente con su voto la Constituci\u00f3n de 1978. Los cimientos hab\u00edan sido colocados, pero la estructura del edificio democr\u00e1tico era a\u00fan muy fr\u00e1gil. Una inflaci\u00f3n desbocada, el terrorismo de ETA golpeando todas las semanas y una parte de la sociedad que todav\u00eda se resist\u00eda al avance del nuevo r\u00e9gimen de libertades representaban una constante amenaza para el camino emprendido tras la muerte de Franco, como se vio dos a\u00f1os despu\u00e9s con el fallido \u2018tejerazo\u2019. La Universidad p\u00fablica era entonces un hervidero de agitaci\u00f3n pol\u00edtica caldeado por abundantes docentes en condiciones precarias, los profesores no numerarios (\u2018penenes\u2019) que carec\u00edan de contratos laborales y seguridad social, y unos estudiantes masificados en sus aulas, que protestaban en la calle contra la Ley de Autonom\u00eda Universitaria o en favor de nuevos derechos para los trabajadores. Ese invierno murieron dos estudiantes en una manifestaci\u00f3n en Madrid y frecuentemente el campus era asaltado, con palos y pistolas, por grupos de ultraderechistas.<\/p>\n<p>Cuando Pablo Iglesias y otros miembros de la c\u00fapula de Podemos proponen ahora abrir \u00abel candado del 78\u00bb y describen la Transici\u00f3n como un pacto de las viejas \u00ab\u00e9lites pol\u00edticas\u00bb no solo revisan la historia de forma sectaria e interesada, sino tremendamente injusta. Primero, porque el comportamiento de todas las fuerzas democr\u00e1ticas con representaci\u00f3n parlamentaria, con sus aciertos y errores, fue ejemplar para llevar a buen t\u00e9rmino el paso a la democracia. Y en segundo lugar porque no se concede el m\u00e1s m\u00ednimo protagonismo en ese proceso hist\u00f3rico a miles de j\u00f3venes y trabajadores que contribuyeron a afianzar en las calles las aspiraciones de libertad y derechos sociales que los sectores afines al franquismo quer\u00edan impedir a cualquier precio. Excluir al pueblo espa\u00f1ol de las conquistas democr\u00e1ticas logradas en la Transici\u00f3n refleja una ignorancia supina sobre un convulso y dif\u00edcil tramo de nuestro pasado, en el que muchos ciudadanos an\u00f3nimos, para forzar la consolidaci\u00f3n de los cambios, se dejaron la piel. Algunos, lamentablemente, en el sentido m\u00e1s literal. Lanzar esos mensajes a las j\u00f3venes generaciones actuales es contribuir a un enga\u00f1o masivo. Equivaldr\u00eda a explicar, pasados los a\u00f1os, que el \u00e9xito electoral de Podemos se debe a la capacidad de liderazgo de Iglesias y Errej\u00f3n, obviando el papel que muchos y variopintos colectivos sociales jugaron en estos a\u00f1os de crisis con sus movilizaciones. <\/p>\n<p>Muchos espa\u00f1oles comparten hoy la idea de que nuestro sistema pol\u00edtico sufre s\u00edntomas de agotamiento y precisa de una profunda regeneraci\u00f3n, que implica reformas puntuales de la Constituci\u00f3n. Pero presentar la Carta Magna del 78 como el gran obst\u00e1culo para nuestro pa\u00eds, cuando represent\u00f3 el pilar de nuestro m\u00e1s longevo periodo de convivencia democr\u00e1tica, es algo m\u00e1s que un error hist\u00f3rico, es una aut\u00e9ntica estafa social. La corrupci\u00f3n, a la que el PP ha sido incapaz de hacer frente en su seno, ha hecho en los \u00faltimos cuatro a\u00f1os el caldo gordo a quienes hicieron fortuna desde los plat\u00f3s con el eslogan de la \u2018casta\u2019 dirigido a los dos grandes partidos, los mismos que vieron durante los a\u00f1os m\u00e1s duros del terrorismo c\u00f3mo asesinaban a sus concejales en el Pa\u00eds Vasco por defender las libertades protegidas por la Constituci\u00f3n. Uno de los grandes dramas de nuestra democracia ha sido precisamente constatar c\u00f3mo, en algunos partidos democr\u00e1ticos que representan a millones de espa\u00f1oles, unos se dedicaban en algunas latitudes a forrarse o a cometer todo tipo de corruptelas para mantenerse en el poder mientras otros compa\u00f1eros de formaci\u00f3n pol\u00edtica viv\u00edan bajo la amenaza de las pistolas de los terroristas. Pero confundir interesadamente una parte con el todo es manchar la memoria de pol\u00edticos sin tacha, desde Gregorio Ord\u00f3\u00f1ez y Miguel \u00c1ngel Blanco a Fernando M\u00fagica y Ernest Lluch. La ausencia de voluntad pol\u00edtica de los dirigentes que deb\u00edan haber cortado las corruptelas ha dejado el terreno abonado para adanistas y demagogos que han sabido aprovechar la indignaci\u00f3n ciudadana para autocalificarse como la formaci\u00f3n que representa a \u00abla gente\u00bb, como si los votantes del resto de partidos tuvieran una condici\u00f3n diferente. En el colmo de la osad\u00eda, Pablo Iglesias incluso utiliza el t\u00e9rmino \u2018B\u00fanker\u2019 para referirse al PP y el PSOE, lo que produce n\u00e1useas porque, con todos sus defectos, son partidos democr\u00e1ticos que nada tienen que ver con ese reducto sociol\u00f3gico del franquismo que promov\u00eda golpes de Estado y acosaba en las calles a l\u00edderes de la izquierda que pagaron con la c\u00e1rcel su oposici\u00f3n al franquismo. Iglesias ha tenido la fortuna de disfrutar de un trampol\u00edn medi\u00e1tico que otros l\u00edderes a la izquierda del PSOE jam\u00e1s dispusieron en los a\u00f1os 70. Entonces los j\u00f3venes de ese espectro ideol\u00f3gico ten\u00edan sus propios iconos, como una joven sevillana llamada Pina L\u00f3pez Gay, a quien se conoci\u00f3 como la \u2018rosa roja\u2019 de la Transici\u00f3n. A ella, uno de los l\u00edderes del Partido del Trabajo, le abrieron dos consejos de guerra y sufri\u00f3 varias agresiones de grupos de ultraderecha. Su mayor gesto de frivolidad, si as\u00ed puede llamarse, fue ense\u00f1ar en una asamblea de militantes las marcas de los latigazos que quedaron en su espalda en uno de esos ataques. Qu\u00e9 diferencia entre aquellos y los l\u00edderes de la nueva izquierda radical, con una ideolog\u00eda que muta con fluidez seg\u00fan la coyuntura y sin un pasado de lucha por las libertades, ocupados como estaban en el asesoramiento de reg\u00edmenes populistas que encarcelan a disidentes pol\u00edticos.<\/p>\n","protected":false},"excerpt":{"rendered":"<p>Pablo Iglesias, el l\u00edder de Podemos, era unos meses mayor que el beb\u00e9 de Bescansa cuando entr\u00e9 a estudiar en la Complutense. Era el a\u00f1o 1979 y la democracia estaba todav\u00eda en plena construcci\u00f3n. Se hab\u00edan legalizado los partidos pol\u00edticos, incluido el PCE, y los espa\u00f1oles hab\u00edan aprobado mayoritariamente con su voto la Constituci\u00f3n de [&hellip;]<\/p>\n","protected":false},"author":11,"featured_media":0,"comment_status":"closed","ping_status":"open","sticky":false,"template":"","format":"standard","meta":[],"categories":[3],"tags":[],"_links":{"self":[{"href":"https:\/\/blogs.laverdad.es\/primeraplana\/wp-json\/wp\/v2\/posts\/877"}],"collection":[{"href":"https:\/\/blogs.laverdad.es\/primeraplana\/wp-json\/wp\/v2\/posts"}],"about":[{"href":"https:\/\/blogs.laverdad.es\/primeraplana\/wp-json\/wp\/v2\/types\/post"}],"author":[{"embeddable":true,"href":"https:\/\/blogs.laverdad.es\/primeraplana\/wp-json\/wp\/v2\/users\/11"}],"replies":[{"embeddable":true,"href":"https:\/\/blogs.laverdad.es\/primeraplana\/wp-json\/wp\/v2\/comments?post=877"}],"version-history":[{"count":0,"href":"https:\/\/blogs.laverdad.es\/primeraplana\/wp-json\/wp\/v2\/posts\/877\/revisions"}],"wp:attachment":[{"href":"https:\/\/blogs.laverdad.es\/primeraplana\/wp-json\/wp\/v2\/media?parent=877"}],"wp:term":[{"taxonomy":"category","embeddable":true,"href":"https:\/\/blogs.laverdad.es\/primeraplana\/wp-json\/wp\/v2\/categories?post=877"},{"taxonomy":"post_tag","embeddable":true,"href":"https:\/\/blogs.laverdad.es\/primeraplana\/wp-json\/wp\/v2\/tags?post=877"}],"curies":[{"name":"wp","href":"https:\/\/api.w.org\/{rel}","templated":true}]}}