{"id":881,"date":"2016-02-12T10:09:48","date_gmt":"2016-02-12T09:09:48","guid":{"rendered":"http:\/\/blogs.laverdad.es\/primeraplana\/?p=881"},"modified":"2016-02-12T10:09:48","modified_gmt":"2016-02-12T09:09:48","slug":"el-bulo-el-negocio-y-el-blablabla-2","status":"publish","type":"post","link":"https:\/\/blogs.laverdad.es\/primeraplana\/2016\/02\/12\/el-bulo-el-negocio-y-el-blablabla-2\/","title":{"rendered":"El bulo, el negocio y el blablabl\u00e1"},"content":{"rendered":"<p>La primera reuni\u00f3n de la comisi\u00f3n de investigaci\u00f3n sobre la desaladora fue un penoso juego de espejos deformantes. Valc\u00e1rcel dijo que los 600 millones de coste para las arcas p\u00fablicas es un bulo y ni el presidente de la comisi\u00f3n, Miguel S\u00e1nchez, ni ning\u00fan otro miembro de la oposici\u00f3n demostr\u00f3 saber que esa cifra figura en los informes jur\u00eddicos y en la propia Ley de Presupuestos de 2014, donde se detallaba el riesgo financiero de la demanda de Hydro Management. Tiene su cosa que ni siquiera se acordara Garre, ya que \u00e9l era el responsable de ejecutar esas cuentas que le dej\u00f3 Valc\u00e1rcel. Ese, y no otro, es el coste para las arcas hasta 2034 si prosperase la reclamaci\u00f3n judicial de la propietaria, que ahora aceptar\u00eda su compra por 180 millones de euros. Como a los cuatro partidos les importa poco el d\u00e9ficit p\u00fablico, por ah\u00ed parece que ir\u00e1 la soluci\u00f3n para una planta que la CHS autoriz\u00f3 en noviembre de 2005 (pese a todo el blablabl\u00e1 de verdades a medias ante los c\u00e1ndidos inquisidores) para un negocio urban\u00edstico llamado \u2018Novo Carthago\u2019.<\/p>\n","protected":false},"excerpt":{"rendered":"<p>La primera reuni\u00f3n de la comisi\u00f3n de investigaci\u00f3n sobre la desaladora fue un penoso juego de espejos deformantes. Valc\u00e1rcel dijo que los 600 millones de coste para las arcas p\u00fablicas es un bulo y ni el presidente de la comisi\u00f3n, Miguel S\u00e1nchez, ni ning\u00fan otro miembro de la oposici\u00f3n demostr\u00f3 saber que esa cifra figura [&hellip;]<\/p>\n","protected":false},"author":11,"featured_media":0,"comment_status":"closed","ping_status":"open","sticky":false,"template":"","format":"standard","meta":[],"categories":[36],"tags":[],"_links":{"self":[{"href":"https:\/\/blogs.laverdad.es\/primeraplana\/wp-json\/wp\/v2\/posts\/881"}],"collection":[{"href":"https:\/\/blogs.laverdad.es\/primeraplana\/wp-json\/wp\/v2\/posts"}],"about":[{"href":"https:\/\/blogs.laverdad.es\/primeraplana\/wp-json\/wp\/v2\/types\/post"}],"author":[{"embeddable":true,"href":"https:\/\/blogs.laverdad.es\/primeraplana\/wp-json\/wp\/v2\/users\/11"}],"replies":[{"embeddable":true,"href":"https:\/\/blogs.laverdad.es\/primeraplana\/wp-json\/wp\/v2\/comments?post=881"}],"version-history":[{"count":0,"href":"https:\/\/blogs.laverdad.es\/primeraplana\/wp-json\/wp\/v2\/posts\/881\/revisions"}],"wp:attachment":[{"href":"https:\/\/blogs.laverdad.es\/primeraplana\/wp-json\/wp\/v2\/media?parent=881"}],"wp:term":[{"taxonomy":"category","embeddable":true,"href":"https:\/\/blogs.laverdad.es\/primeraplana\/wp-json\/wp\/v2\/categories?post=881"},{"taxonomy":"post_tag","embeddable":true,"href":"https:\/\/blogs.laverdad.es\/primeraplana\/wp-json\/wp\/v2\/tags?post=881"}],"curies":[{"name":"wp","href":"https:\/\/api.w.org\/{rel}","templated":true}]}}