{"id":882,"date":"2016-02-14T07:33:05","date_gmt":"2016-02-14T06:33:05","guid":{"rendered":"http:\/\/blogs.laverdad.es\/primeraplana\/?p=882"},"modified":"2016-02-14T07:33:05","modified_gmt":"2016-02-14T06:33:05","slug":"adn-politico","status":"publish","type":"post","link":"https:\/\/blogs.laverdad.es\/primeraplana\/2016\/02\/14\/adn-politico\/","title":{"rendered":"ADN pol\u00edtico"},"content":{"rendered":"<p>Hace unos 60.000 a\u00f1os, un grupo de humanos anat\u00f3micamente modernos abandonaron \u00c1frica. Estos Homo sapiens de los que desciende toda la humanidad se mezclaron en ocasiones con los neandertales y otras poblaciones de humanos m\u00e1s arcaicos que encontraron a su paso en su expansi\u00f3n por Europa y Asia. Hoy se sabe que en el ADN de quienes poblamos el Viejo Continente existe entre un 1% y un 4% de material gen\u00e9tico que hemos heredado de los neandertales. Es un peque\u00f1o legado gen\u00e9tico que parec\u00eda intrascendente hasta que cient\u00edficos estadounidenses detallaron este viernes que parte de ese ADN neandertal de nuestras c\u00e9lulas est\u00e1 asociado a una amplia variedad de patolog\u00edas inmunol\u00f3gicas, dermatol\u00f3gicas y psiqui\u00e1tricas. Si los primeros humanos modernos se hibridaron con los neandertales en su expansi\u00f3n por Euroasia fue porque ese mestizaje tuvo que ofrecer ventajas competitivas de forma inmediata para sobrevivir, aunque por lo visto eso dej\u00f3 unos cuantos pelos en la gatera de nuestro genoma. A los neandertales les fue mucho peor. Acabaron desapareciendo de la faz de la tierra. Las \u00fanicas huellas que quedan de su existencia son huesos fosilizados y ese ADN en nuestro genoma.<\/p>\n<p>Desde los primeros humanos hasta nuestros d\u00edas, la historia de la pol\u00edtica ha sido un relato de disputas y alianzas para conquistar el poder y controlar el territorio. Los nuevos partidos surgidos en Espa\u00f1a vienen con la intenci\u00f3n de sustituir a los antiguos, como hicieron los sapiens con los neandertales, pero a trav\u00e9s de procesos democr\u00e1ticos y si es preciso, llegando inicialmente a acuerdos con ellos. De momento, populares y socialistas han aguantado el empuje de los emergentes. Son inexpertos y est\u00e1n menos organizados, pero avanzan deprisa porque apenas han tocado poder y viajan con una mochila desprovista de m\u00faltiples casos de corrupci\u00f3n. No son ni mejores ni peores, pero se adaptan con m\u00e1s habilidad al cambiante ecosistema medi\u00e1tico y social. No tener pasado es m\u00e1s un ventaja que una tara, aunque algunos intentan acelerar el \u2018sorpasso\u2019 porque las primeras experiencias de gesti\u00f3n en las grandes ciudades empiezan a pasar factura. Como los anteriores, tambi\u00e9n act\u00faan como una tribu, proclive al sectarismo y al cierre de filas. No olvidan que en pol\u00edtica rige la selecci\u00f3n natural. Solo sobreviven los m\u00e1s fuertes y cohesionados. Que Podemos quiere reemplazar al PSOE como primera fuerza de la izquierda no es un secreto. A ello contribuyeron los propios socialistas, poni\u00e9ndolos al mando de Madrid y Barcelona, porque con esos matrimonios de conveniencia desplazaban a los populares. Ahora Pedro S\u00e1nchez tiene la oportunidad de alcanzar La Moncloa con un acuerdo de gobierno que pasa ineludiblemente por incluir a Podemos o a Ciudadanos. Si fracasa, Rajoy tendr\u00eda su oportunidad, hoy bastante remota porque depende del voto favorable de Ciudadanos y la abstenci\u00f3n del PSOE. En cualquiera de las opciones posibles, las nuevas formaciones ya han logrado su primer objetivo. A pesar del menor respaldo electoral, los errores de los otros les han hecho imprescindibles. <\/p>\n<p>Enfrentados, con todos los puentes rotos, PP y PSOE dirimen estos d\u00edas qui\u00e9n ocupar\u00e1 el poder, aunque del desenlace de los pactos de gobierno tambi\u00e9n depende la propia supervivencia pol\u00edtica de Rajoy y S\u00e1nchez, que est\u00e1n vinculando la suerte de las formaciones que dirigen a las suyas. Por encima de los intereses de partido, y ya no digamos de los personales, est\u00e1n los nacionales, pero esto \u00faltimo parece secundario en un momento donde la incertidumbre institucional no hace sino empeorar los efectos de desaceleraci\u00f3n econ\u00f3mica en Europa. La imagen de conjunto que proyectamos al exterior es de enorme debilidad pol\u00edtica, con un presidente en funciones sin iniciativa y acorralado por la corrupci\u00f3n en su partido, y un candidato derrotado en las urnas, que sin embargo podr\u00eda lograr la investidura y liderar una incierta etapa de muy complicada gobernabilidad. Los pactos, si llegan, garantizar\u00e1n una supervivencia inmediata para unos u otros, pero no necesariamente una larga y saludable vida. La hibridaci\u00f3n en pol\u00edtica tambi\u00e9n deja secuelas. Pase lo que pase, un nuevo ADN pol\u00edtico se ha abierto paso e imprimir\u00e1 su huella, quede lo que quede.<\/p>\n","protected":false},"excerpt":{"rendered":"<p>Hace unos 60.000 a\u00f1os, un grupo de humanos anat\u00f3micamente modernos abandonaron \u00c1frica. Estos Homo sapiens de los que desciende toda la humanidad se mezclaron en ocasiones con los neandertales y otras poblaciones de humanos m\u00e1s arcaicos que encontraron a su paso en su expansi\u00f3n por Europa y Asia. Hoy se sabe que en el ADN [&hellip;]<\/p>\n","protected":false},"author":11,"featured_media":0,"comment_status":"closed","ping_status":"open","sticky":false,"template":"","format":"standard","meta":[],"categories":[3],"tags":[],"_links":{"self":[{"href":"https:\/\/blogs.laverdad.es\/primeraplana\/wp-json\/wp\/v2\/posts\/882"}],"collection":[{"href":"https:\/\/blogs.laverdad.es\/primeraplana\/wp-json\/wp\/v2\/posts"}],"about":[{"href":"https:\/\/blogs.laverdad.es\/primeraplana\/wp-json\/wp\/v2\/types\/post"}],"author":[{"embeddable":true,"href":"https:\/\/blogs.laverdad.es\/primeraplana\/wp-json\/wp\/v2\/users\/11"}],"replies":[{"embeddable":true,"href":"https:\/\/blogs.laverdad.es\/primeraplana\/wp-json\/wp\/v2\/comments?post=882"}],"version-history":[{"count":0,"href":"https:\/\/blogs.laverdad.es\/primeraplana\/wp-json\/wp\/v2\/posts\/882\/revisions"}],"wp:attachment":[{"href":"https:\/\/blogs.laverdad.es\/primeraplana\/wp-json\/wp\/v2\/media?parent=882"}],"wp:term":[{"taxonomy":"category","embeddable":true,"href":"https:\/\/blogs.laverdad.es\/primeraplana\/wp-json\/wp\/v2\/categories?post=882"},{"taxonomy":"post_tag","embeddable":true,"href":"https:\/\/blogs.laverdad.es\/primeraplana\/wp-json\/wp\/v2\/tags?post=882"}],"curies":[{"name":"wp","href":"https:\/\/api.w.org\/{rel}","templated":true}]}}