{"id":884,"date":"2016-02-18T07:53:53","date_gmt":"2016-02-18T06:53:53","guid":{"rendered":"http:\/\/blogs.laverdad.es\/primeraplana\/?p=884"},"modified":"2016-02-18T07:53:53","modified_gmt":"2016-02-18T06:53:53","slug":"el-ministerio-del-tiempo","status":"publish","type":"post","link":"https:\/\/blogs.laverdad.es\/primeraplana\/2016\/02\/18\/el-ministerio-del-tiempo\/","title":{"rendered":"El Ministerio del Tiempo"},"content":{"rendered":"<p>La Asamblea Regional se ha convertido, por mor de las comisiones de investigaci\u00f3n, en un Ministerio del Tiempo donde algunos comparecientes viajan al pasado para intentar enderezar la Historia a conveniencia y lanzar botes de humo sobre los problemas reales que persisten en el presente. Toda la informaci\u00f3n clave de la desaladora que podr\u00edan obtener los diputados regionales est\u00e1 en los informes de los Servicios Jur\u00eddicos, de la Intervenci\u00f3n y el Tribunal de Cuentas, pero las comisiones de investigaci\u00f3n tienen la utilidad que tienen, desgastar al adversario pol\u00edtico situ\u00e1ndolo ante el cadalso de la opini\u00f3n p\u00fablica para evidenciar sus fracasos. Lo m\u00e1s curioso de la sesi\u00f3n de ayer fue ver coincidir, respecto a la viabilidad futura de la planta, al pol\u00edtico murciano m\u00e1s trasvasista y m\u00e1s antidesaladoras con el representante del grupo menos trasvasista y m\u00e1s prodesaladoras. A todos nos convendr\u00eda que as\u00ed fuese, pero es verdad que a algunos mucho m\u00e1s que a la mayor\u00eda. <\/p>\n","protected":false},"excerpt":{"rendered":"<p>La Asamblea Regional se ha convertido, por mor de las comisiones de investigaci\u00f3n, en un Ministerio del Tiempo donde algunos comparecientes viajan al pasado para intentar enderezar la Historia a conveniencia y lanzar botes de humo sobre los problemas reales que persisten en el presente. Toda la informaci\u00f3n clave de la desaladora que podr\u00edan obtener [&hellip;]<\/p>\n","protected":false},"author":11,"featured_media":0,"comment_status":"closed","ping_status":"open","sticky":false,"template":"","format":"standard","meta":[],"categories":[36],"tags":[171,172,173,174,175,176],"_links":{"self":[{"href":"https:\/\/blogs.laverdad.es\/primeraplana\/wp-json\/wp\/v2\/posts\/884"}],"collection":[{"href":"https:\/\/blogs.laverdad.es\/primeraplana\/wp-json\/wp\/v2\/posts"}],"about":[{"href":"https:\/\/blogs.laverdad.es\/primeraplana\/wp-json\/wp\/v2\/types\/post"}],"author":[{"embeddable":true,"href":"https:\/\/blogs.laverdad.es\/primeraplana\/wp-json\/wp\/v2\/users\/11"}],"replies":[{"embeddable":true,"href":"https:\/\/blogs.laverdad.es\/primeraplana\/wp-json\/wp\/v2\/comments?post=884"}],"version-history":[{"count":0,"href":"https:\/\/blogs.laverdad.es\/primeraplana\/wp-json\/wp\/v2\/posts\/884\/revisions"}],"wp:attachment":[{"href":"https:\/\/blogs.laverdad.es\/primeraplana\/wp-json\/wp\/v2\/media?parent=884"}],"wp:term":[{"taxonomy":"category","embeddable":true,"href":"https:\/\/blogs.laverdad.es\/primeraplana\/wp-json\/wp\/v2\/categories?post=884"},{"taxonomy":"post_tag","embeddable":true,"href":"https:\/\/blogs.laverdad.es\/primeraplana\/wp-json\/wp\/v2\/tags?post=884"}],"curies":[{"name":"wp","href":"https:\/\/api.w.org\/{rel}","templated":true}]}}