{"id":889,"date":"2016-02-24T07:51:12","date_gmt":"2016-02-24T06:51:12","guid":{"rendered":"http:\/\/blogs.laverdad.es\/primeraplana\/?p=889"},"modified":"2016-02-24T07:51:12","modified_gmt":"2016-02-24T06:51:12","slug":"dilaciones-indebidas","status":"publish","type":"post","link":"https:\/\/blogs.laverdad.es\/primeraplana\/2016\/02\/24\/dilaciones-indebidas\/","title":{"rendered":"Dilaciones indebidas"},"content":{"rendered":"<p>Lo hemos visto una y otra vez. Un pol\u00edtico es imputado por un delito de presunta corrupci\u00f3n y todo son llamamientos desde las filas afines para que la Justicia act\u00fae con rapidez. Luego comienza la instrucci\u00f3n y la cosa cambia. Unos, los que pueden, se parapetan tras un aforamiento. Otros adoptan una estrategia de defensa encaminada a ralentizar la investigaci\u00f3n porque, en el peor de los casos, las dilaciones indebidas atribuibles a la colapsada administraci\u00f3n de justicia rebajar\u00e1n la eventual condena. Ayer, despu\u00e9s de \u00a113 a\u00f1os!, se dio por terminada la instrucci\u00f3n del caso \u2018Las Brisas\u2019 en uno de los juzgados m\u00e1s saturados de Espa\u00f1a, donde el cambio de jueces fue una constante en esta \u00faltima d\u00e9cada. Por todos los retrasos judiciales, el fiscal solo pedir\u00e1 una pena de a\u00f1o y medio para el exalcalde imputado. Otros dos acusados han fallecido. A\u00fan queda fijar la fecha del juicio, que a saber. En suma, toda una verg\u00fcenza de principio a fin.<\/p>\n","protected":false},"excerpt":{"rendered":"<p>Lo hemos visto una y otra vez. Un pol\u00edtico es imputado por un delito de presunta corrupci\u00f3n y todo son llamamientos desde las filas afines para que la Justicia act\u00fae con rapidez. Luego comienza la instrucci\u00f3n y la cosa cambia. Unos, los que pueden, se parapetan tras un aforamiento. Otros adoptan una estrategia de defensa [&hellip;]<\/p>\n","protected":false},"author":11,"featured_media":0,"comment_status":"closed","ping_status":"open","sticky":false,"template":"","format":"standard","meta":[],"categories":[36],"tags":[180,181,182,183],"_links":{"self":[{"href":"https:\/\/blogs.laverdad.es\/primeraplana\/wp-json\/wp\/v2\/posts\/889"}],"collection":[{"href":"https:\/\/blogs.laverdad.es\/primeraplana\/wp-json\/wp\/v2\/posts"}],"about":[{"href":"https:\/\/blogs.laverdad.es\/primeraplana\/wp-json\/wp\/v2\/types\/post"}],"author":[{"embeddable":true,"href":"https:\/\/blogs.laverdad.es\/primeraplana\/wp-json\/wp\/v2\/users\/11"}],"replies":[{"embeddable":true,"href":"https:\/\/blogs.laverdad.es\/primeraplana\/wp-json\/wp\/v2\/comments?post=889"}],"version-history":[{"count":0,"href":"https:\/\/blogs.laverdad.es\/primeraplana\/wp-json\/wp\/v2\/posts\/889\/revisions"}],"wp:attachment":[{"href":"https:\/\/blogs.laverdad.es\/primeraplana\/wp-json\/wp\/v2\/media?parent=889"}],"wp:term":[{"taxonomy":"category","embeddable":true,"href":"https:\/\/blogs.laverdad.es\/primeraplana\/wp-json\/wp\/v2\/categories?post=889"},{"taxonomy":"post_tag","embeddable":true,"href":"https:\/\/blogs.laverdad.es\/primeraplana\/wp-json\/wp\/v2\/tags?post=889"}],"curies":[{"name":"wp","href":"https:\/\/api.w.org\/{rel}","templated":true}]}}