{"id":893,"date":"2016-03-02T11:55:36","date_gmt":"2016-03-02T10:55:36","guid":{"rendered":"http:\/\/blogs.laverdad.es\/primeraplana\/?p=893"},"modified":"2016-03-02T11:55:36","modified_gmt":"2016-03-02T10:55:36","slug":"torpedo-judicial","status":"publish","type":"post","link":"https:\/\/blogs.laverdad.es\/primeraplana\/2016\/03\/02\/torpedo-judicial\/","title":{"rendered":"Torpedo judicial"},"content":{"rendered":"<p>Cuando se defiende con convicci\u00f3n el principio de legalidad como pilar del estado de derecho, y la igualdad de todos los espa\u00f1oles ante la ley, no caben las excepciones. Y eso incluye, por supuesto, al fiscal jefe Manuel L\u00f3pez Bernal. Pero no deja de sorprender que las dos querellas contra \u00e9l ante el TSJ fueran presentadas ayer, en nombre de una desconocida asociaci\u00f3n llamada \u2018Justicia y Libertad\u2019, por un abogado madrile\u00f1o y justo en la semana cuando se decide la renovaci\u00f3n del fiscal jefe en su puesto. Todo un torpedo judicial no improvisado y activado en el momento m\u00e1s oportuno por el letrado Gerardo Jos\u00e9 V\u00e1zquez, que figur\u00f3 en la lista a la junta directiva del Colegio de Abogados de Madrid en la candidatura de Ignacio Pel\u00e1ez, el exfiscal pr\u00f3ximo al Opus Dei que acab\u00f3 con la carrera de Baltasar Garz\u00f3n y defendi\u00f3 a la familia Ruiz Mateos y a dos imputados de la \u2018G\u00fcrtel\u2019.<\/p>\n","protected":false},"excerpt":{"rendered":"<p>Cuando se defiende con convicci\u00f3n el principio de legalidad como pilar del estado de derecho, y la igualdad de todos los espa\u00f1oles ante la ley, no caben las excepciones. Y eso incluye, por supuesto, al fiscal jefe Manuel L\u00f3pez Bernal. Pero no deja de sorprender que las dos querellas contra \u00e9l ante el TSJ fueran [&hellip;]<\/p>\n","protected":false},"author":11,"featured_media":0,"comment_status":"closed","ping_status":"open","sticky":false,"template":"","format":"standard","meta":[],"categories":[36],"tags":[],"_links":{"self":[{"href":"https:\/\/blogs.laverdad.es\/primeraplana\/wp-json\/wp\/v2\/posts\/893"}],"collection":[{"href":"https:\/\/blogs.laverdad.es\/primeraplana\/wp-json\/wp\/v2\/posts"}],"about":[{"href":"https:\/\/blogs.laverdad.es\/primeraplana\/wp-json\/wp\/v2\/types\/post"}],"author":[{"embeddable":true,"href":"https:\/\/blogs.laverdad.es\/primeraplana\/wp-json\/wp\/v2\/users\/11"}],"replies":[{"embeddable":true,"href":"https:\/\/blogs.laverdad.es\/primeraplana\/wp-json\/wp\/v2\/comments?post=893"}],"version-history":[{"count":0,"href":"https:\/\/blogs.laverdad.es\/primeraplana\/wp-json\/wp\/v2\/posts\/893\/revisions"}],"wp:attachment":[{"href":"https:\/\/blogs.laverdad.es\/primeraplana\/wp-json\/wp\/v2\/media?parent=893"}],"wp:term":[{"taxonomy":"category","embeddable":true,"href":"https:\/\/blogs.laverdad.es\/primeraplana\/wp-json\/wp\/v2\/categories?post=893"},{"taxonomy":"post_tag","embeddable":true,"href":"https:\/\/blogs.laverdad.es\/primeraplana\/wp-json\/wp\/v2\/tags?post=893"}],"curies":[{"name":"wp","href":"https:\/\/api.w.org\/{rel}","templated":true}]}}