{"id":898,"date":"2016-03-08T08:52:17","date_gmt":"2016-03-08T07:52:17","guid":{"rendered":"http:\/\/blogs.laverdad.es\/primeraplana\/?p=898"},"modified":"2016-03-08T08:52:17","modified_gmt":"2016-03-08T07:52:17","slug":"realidad-virtual","status":"publish","type":"post","link":"https:\/\/blogs.laverdad.es\/primeraplana\/2016\/03\/08\/realidad-virtual\/","title":{"rendered":"Realidad virtual"},"content":{"rendered":"<p>El AVE sigue sin llegar a la Regi\u00f3n, pero hay que reconocer que los sucesivos v\u00eddeos dedicados al proyecto van mejorando en calidad t\u00e9cnica. Lo \u00faltimo es la entrada de la alta velocidad en Murcia en realidad virtual 3D. La tecnolog\u00eda audiovisual avanza m\u00e1s deprisa que la ferroviaria, al menos en la Regi\u00f3n, y si nos descuidamos tendremos 4D antes que AVE soterrado. El contenido ya es otra cosa. Ah\u00ed vamos a menos. Si uno ve el v\u00eddeo realizado por Adif en 2009, con el tren circulando por el corredor central hacia Madrid, y luego contempla el presentado ayer en Murcia, o sufre un ataque de melancol\u00eda o uno de frustraci\u00f3n. Los dos se presentaron como realistas recreaciones animadas de un mismo proyecto, aunque el primero ya puede catalogarse de pura ciencia ficci\u00f3n. Ojal\u00e1 no suceda lo mismo con el segundo.<\/p>\n","protected":false},"excerpt":{"rendered":"<p>El AVE sigue sin llegar a la Regi\u00f3n, pero hay que reconocer que los sucesivos v\u00eddeos dedicados al proyecto van mejorando en calidad t\u00e9cnica. Lo \u00faltimo es la entrada de la alta velocidad en Murcia en realidad virtual 3D. La tecnolog\u00eda audiovisual avanza m\u00e1s deprisa que la ferroviaria, al menos en la Regi\u00f3n, y si [&hellip;]<\/p>\n","protected":false},"author":11,"featured_media":0,"comment_status":"closed","ping_status":"open","sticky":false,"template":"","format":"standard","meta":[],"categories":[36],"tags":[],"_links":{"self":[{"href":"https:\/\/blogs.laverdad.es\/primeraplana\/wp-json\/wp\/v2\/posts\/898"}],"collection":[{"href":"https:\/\/blogs.laverdad.es\/primeraplana\/wp-json\/wp\/v2\/posts"}],"about":[{"href":"https:\/\/blogs.laverdad.es\/primeraplana\/wp-json\/wp\/v2\/types\/post"}],"author":[{"embeddable":true,"href":"https:\/\/blogs.laverdad.es\/primeraplana\/wp-json\/wp\/v2\/users\/11"}],"replies":[{"embeddable":true,"href":"https:\/\/blogs.laverdad.es\/primeraplana\/wp-json\/wp\/v2\/comments?post=898"}],"version-history":[{"count":0,"href":"https:\/\/blogs.laverdad.es\/primeraplana\/wp-json\/wp\/v2\/posts\/898\/revisions"}],"wp:attachment":[{"href":"https:\/\/blogs.laverdad.es\/primeraplana\/wp-json\/wp\/v2\/media?parent=898"}],"wp:term":[{"taxonomy":"category","embeddable":true,"href":"https:\/\/blogs.laverdad.es\/primeraplana\/wp-json\/wp\/v2\/categories?post=898"},{"taxonomy":"post_tag","embeddable":true,"href":"https:\/\/blogs.laverdad.es\/primeraplana\/wp-json\/wp\/v2\/tags?post=898"}],"curies":[{"name":"wp","href":"https:\/\/api.w.org\/{rel}","templated":true}]}}