{"id":899,"date":"2016-03-10T07:48:54","date_gmt":"2016-03-10T06:48:54","guid":{"rendered":"http:\/\/blogs.laverdad.es\/primeraplana\/?p=899"},"modified":"2016-03-10T07:48:54","modified_gmt":"2016-03-10T06:48:54","slug":"el-canto-del-cisne","status":"publish","type":"post","link":"https:\/\/blogs.laverdad.es\/primeraplana\/2016\/03\/10\/el-canto-del-cisne\/","title":{"rendered":"El canto del cisne"},"content":{"rendered":"<p>Aparece otra esfera en Hell\u00edn, asaltan por segunda vez la casa de Jos\u00e9 Luis Moreno y una nueva declaraci\u00f3n de Garre abre la caja de los truenos, esta vez a escala nacional al pedir que Rajoy d\u00e9 un paso atr\u00e1s. En los primeros sucesos no hubo v\u00edctimas, pero Garre saldr\u00e1 mal parado, lo que no parece importarle porque, dice, tiene su futuro resuelto fuera de la pol\u00edtica. Quienes quisieron desacreditarle en sus filas olvidan que ya rompi\u00f3 la disciplina de partido al votar contra el estatuto manchego que laminaba el Trasvase. S\u00ed, Garre es un hombre de principios, aunque desde hace tiempo, solo y aislado, da la impresi\u00f3n de no saber ni d\u00f3nde ni c\u00f3mo est\u00e1 pol\u00edticamente. Sus palabras fueron piedras en manos de la oposici\u00f3n y provocaron un cierre de filas popular con Rajoy, empezando por Soraya, Feij\u00f3o y Cifuentes, los nombres que se barajan si se aparta voluntariamente. Garre no ten\u00eda futuro en el PP. Y ayer, con su ronda por televisiones y radios, rubric\u00f3 su certificado de defunci\u00f3n en ese partido.<\/p>\n","protected":false},"excerpt":{"rendered":"<p>Aparece otra esfera en Hell\u00edn, asaltan por segunda vez la casa de Jos\u00e9 Luis Moreno y una nueva declaraci\u00f3n de Garre abre la caja de los truenos, esta vez a escala nacional al pedir que Rajoy d\u00e9 un paso atr\u00e1s. En los primeros sucesos no hubo v\u00edctimas, pero Garre saldr\u00e1 mal parado, lo que no [&hellip;]<\/p>\n","protected":false},"author":11,"featured_media":0,"comment_status":"closed","ping_status":"open","sticky":false,"template":"","format":"standard","meta":[],"categories":[36],"tags":[],"_links":{"self":[{"href":"https:\/\/blogs.laverdad.es\/primeraplana\/wp-json\/wp\/v2\/posts\/899"}],"collection":[{"href":"https:\/\/blogs.laverdad.es\/primeraplana\/wp-json\/wp\/v2\/posts"}],"about":[{"href":"https:\/\/blogs.laverdad.es\/primeraplana\/wp-json\/wp\/v2\/types\/post"}],"author":[{"embeddable":true,"href":"https:\/\/blogs.laverdad.es\/primeraplana\/wp-json\/wp\/v2\/users\/11"}],"replies":[{"embeddable":true,"href":"https:\/\/blogs.laverdad.es\/primeraplana\/wp-json\/wp\/v2\/comments?post=899"}],"version-history":[{"count":0,"href":"https:\/\/blogs.laverdad.es\/primeraplana\/wp-json\/wp\/v2\/posts\/899\/revisions"}],"wp:attachment":[{"href":"https:\/\/blogs.laverdad.es\/primeraplana\/wp-json\/wp\/v2\/media?parent=899"}],"wp:term":[{"taxonomy":"category","embeddable":true,"href":"https:\/\/blogs.laverdad.es\/primeraplana\/wp-json\/wp\/v2\/categories?post=899"},{"taxonomy":"post_tag","embeddable":true,"href":"https:\/\/blogs.laverdad.es\/primeraplana\/wp-json\/wp\/v2\/tags?post=899"}],"curies":[{"name":"wp","href":"https:\/\/api.w.org\/{rel}","templated":true}]}}