{"id":901,"date":"2016-03-20T07:26:27","date_gmt":"2016-03-20T06:26:27","guid":{"rendered":"http:\/\/blogs.laverdad.es\/primeraplana\/?p=901"},"modified":"2016-03-20T07:26:27","modified_gmt":"2016-03-20T06:26:27","slug":"marasmo-y-pasmo","status":"publish","type":"post","link":"https:\/\/blogs.laverdad.es\/primeraplana\/2016\/03\/20\/marasmo-y-pasmo\/","title":{"rendered":"Marasmo y pasmo"},"content":{"rendered":"<p><strong>La \u00faltima ocurrencia de nuestra \u2018viejoven\u2019 cofrad\u00eda del santo reproche fue politizar la Semana Santa. Unos con un desatino laicista que estaba condenado al fracaso y otros con una sobreactuaci\u00f3n en la calle y la Asamblea Regional<\/strong><\/p>\n<p>El ejercicio del liderazgo democr\u00e1tico no consiste en dar sin m\u00e1s a la gente lo que pide, sino interrogar a la ciudadan\u00eda sobre lo que necesita\u00bb. Solo un poeta que se autocalificaba de antifil\u00f3sofo (Paul Val\u00e9ry) pod\u00eda decir algo tan sensato y a la vez ut\u00f3pico, al menos en estos tiempos donde la pol\u00edtica se ha colmatado de gui\u00f1os, de iniciativas-trampa para retratar a los adversarios, de verborrea declarativa, de b\u00fasqueda de una foto o titular a cualquier precio, de decisiones improvisadas basadas en sondeos&#8230; Todo esto era habitual cuando se acercaba una llamada a las urnas, pero es tal la volatilidad del escenario pol\u00edtico, donde nadie descarta nuevas elecciones, que los gestos y la superficialidad es el pan nuestro de cada d\u00eda. Se cumplen tres meses desde el 20D y seguimos sin acuerdo de Gobierno porque en el actual marasmo institucional impera la politiquilla al menudeo, los vetos cruzados y ese \u2018charlamentarismo\u2019 improductivo que describi\u00f3 Unanumo a finales del siglo XIX. Los supuestos renovadores, que ven\u00edan revestidos con \u00ednfulas de purificaci\u00f3n democr\u00e1tica, o nunca lo fueron o envejecen a velocidad supers\u00f3nica. No hay m\u00e1s que ver la purga sovi\u00e9tica con la que Pablo Iglesias zanja las disidencias en la c\u00fapula de Podemos.<\/p>\n<p>La peor de las noticias no es la tardanza en formar gobierno, que llegar\u00e1, sino constatar que la manida \u2018nueva pol\u00edtica\u2019 no est\u00e1 demostrando ser mejor que la vieja y que se propaga f\u00e1cilmente porque no precisa de mucho armaz\u00f3n intelectual. Es viral, como los \u2018selfis\u2019 que se hacen nuestros pol\u00edticos con frenes\u00ed para hacernos ver que est\u00e1n donde deben estar, aunque all\u00ed realmente no hagan nada. En la Regi\u00f3n, donde una de cada cuatro personas est\u00e1 en paro, la \u00faltima ocurrencia de nuestra \u2018viejoven\u2019 cofrad\u00eda del santo reproche ha sido politizar la Semana Santa. La extempor\u00e1nea moci\u00f3n laicista de Cambiemos en el Ayuntamiento de Murcia era un desatino, pero no iba a llegar a ninguna parte al carecer de apoyos y amparo constitucional. Y sin embargo, l\u00edderes del PP y del Gobierno regional se sumaron a una concentraci\u00f3n de repulsa surgida en la sociedad murciana como si, sin su presencia, realmente corriera peligro nuestra milenaria historia cultural y religiosa. Para completar la sobreactuaci\u00f3n, todos los grupos en la Asamblea tuvieron que hacer su correspondiente auto de fe con las tradiciones murcianas. Fue tambi\u00e9n Val\u00e9ry quien dijo que \u00aben toda cosa in\u00fatil hay que ser genial o no meterse en ella\u00bb. Sabio consejo que evitar\u00eda comprobar c\u00f3mo algunas carreras pol\u00edticas nacen mediocres, otros alcanzan la mediocridad en tiempo r\u00e9cord y a otras la mediocridad se les viene encima a las primeras de cambio. <\/p>\n<p>Esta pol\u00edtica-espect\u00e1culo est\u00e1 acumulando demasiados comportamientos en esta legislatura que son dif\u00edcilmente excusables porque socavan la calidad democr\u00e1tica. El PP regional empez\u00f3 por incumplir el pacto de investidura con Ciudadanos con el extravagante argumento de que la prevaricaci\u00f3n, penada con inhabilitaci\u00f3n para cargo p\u00fablico, no puede considerarse corrupci\u00f3n. No menos ins\u00f3lita fue la posterior y simplista argumentaci\u00f3n de los tres partidos de la oposici\u00f3n de que 23 (diputados) son m\u00e1s que 22 como \u00faltima y resolutiva justificaci\u00f3n de sus acuerdos. Semejante reducci\u00f3n de la esencia de la democracia a una cuesti\u00f3n aritm\u00e9tica pondr\u00eda los pelos de punta a John Adams y a otros que se preocuparon por introducir mecanismos para proteger a las minor\u00edas y las libertades individuales en las democracias representativas. Si los rodillos parlamentarios eran antes poco recomendables, tambi\u00e9n lo son ahora. M\u00e1s a\u00fan si conducen a conflictos de competencia y choques institucionales entre el Ejecutivo y el Legislativo. No hace falta haber le\u00eddo a Tocqueville o Montesquieu para entender lo negativo de la ruptura de esos contrapesos. Bastar\u00eda con revisar el Estatuto de Autonom\u00eda para saber cu\u00e1l es el papel de cada uno. La tramitaci\u00f3n de las enmiendas, con un aumento y recorte de partidas a ciegas, fue todo un carajal que explot\u00f3 sobre varios sectores productivos. Y tan cierto es que el PP los moviliz\u00f3 para que protestaran como que la oposici\u00f3n actu\u00f3 irresponsablemente porque ni se molest\u00f3 en analizar el impacto colateral de sus propuestas. Hay comportamientos ins\u00f3litos: Ciudadanos dio su apoyo a los Presupuestos, que inclu\u00edan 5 millones para el Rosell, y solo semanas despu\u00e9s respalda una moci\u00f3n junto al PSOE y Podemos que implica un gasto de 50 millones para ese hospital. Y ahora acaba de llegar a un acuerdo con los centros tecnol\u00f3gicos, tras haber propiciado un recorte de sus fondos, que implicar\u00e1 otra modificaci\u00f3n de los Presupuestos. En el colmo del \u2018teatrillo\u2019, C\u2019s rectifica pero lo vende como una mejora porque apadrina un plan de financiaci\u00f3n plurianual que ni presupuestar\u00e1 ni gestionar\u00e1. Lo tendr\u00e1 que hacer el Gobierno regional que, por cierto, dice tener las habas contadas en las arcas p\u00fablicas, pero promete reactivar este a\u00f1o la carrera profesional en la sanidad. Todo es muy poco serio. Y qu\u00e9 decir del \u2018piscinazo\u2019 del socialista Gonz\u00e1lez Tovar, amagando con una moci\u00f3n de censura sepultada en horas por Ciudadanos, o el del consejero Bernab\u00e9, que env\u00eda a sus tropas a tomar posesi\u00f3n de Corvera cuando la decisi\u00f3n del TSJ era recurrible y estaba avisado. Marasmo y pasmo.<\/p>\n","protected":false},"excerpt":{"rendered":"<p>La \u00faltima ocurrencia de nuestra \u2018viejoven\u2019 cofrad\u00eda del santo reproche fue politizar la Semana Santa. Unos con un desatino laicista que estaba condenado al fracaso y otros con una sobreactuaci\u00f3n en la calle y la Asamblea Regional El ejercicio del liderazgo democr\u00e1tico no consiste en dar sin m\u00e1s a la gente lo que pide, sino [&hellip;]<\/p>\n","protected":false},"author":11,"featured_media":0,"comment_status":"closed","ping_status":"open","sticky":false,"template":"","format":"standard","meta":[],"categories":[3],"tags":[],"_links":{"self":[{"href":"https:\/\/blogs.laverdad.es\/primeraplana\/wp-json\/wp\/v2\/posts\/901"}],"collection":[{"href":"https:\/\/blogs.laverdad.es\/primeraplana\/wp-json\/wp\/v2\/posts"}],"about":[{"href":"https:\/\/blogs.laverdad.es\/primeraplana\/wp-json\/wp\/v2\/types\/post"}],"author":[{"embeddable":true,"href":"https:\/\/blogs.laverdad.es\/primeraplana\/wp-json\/wp\/v2\/users\/11"}],"replies":[{"embeddable":true,"href":"https:\/\/blogs.laverdad.es\/primeraplana\/wp-json\/wp\/v2\/comments?post=901"}],"version-history":[{"count":0,"href":"https:\/\/blogs.laverdad.es\/primeraplana\/wp-json\/wp\/v2\/posts\/901\/revisions"}],"wp:attachment":[{"href":"https:\/\/blogs.laverdad.es\/primeraplana\/wp-json\/wp\/v2\/media?parent=901"}],"wp:term":[{"taxonomy":"category","embeddable":true,"href":"https:\/\/blogs.laverdad.es\/primeraplana\/wp-json\/wp\/v2\/categories?post=901"},{"taxonomy":"post_tag","embeddable":true,"href":"https:\/\/blogs.laverdad.es\/primeraplana\/wp-json\/wp\/v2\/tags?post=901"}],"curies":[{"name":"wp","href":"https:\/\/api.w.org\/{rel}","templated":true}]}}