{"id":906,"date":"2016-04-03T07:30:37","date_gmt":"2016-04-03T05:30:37","guid":{"rendered":"http:\/\/blogs.laverdad.es\/primeraplana\/?p=906"},"modified":"2016-04-03T07:30:37","modified_gmt":"2016-04-03T05:30:37","slug":"episodios-regionales","status":"publish","type":"post","link":"https:\/\/blogs.laverdad.es\/primeraplana\/2016\/04\/03\/episodios-regionales\/","title":{"rendered":"Episodios regionales"},"content":{"rendered":"<p><strong>Ciudadanos mira a izquierda y derecha desde el centro, aunque a veces lo hace de forma simult\u00e1nea o con un particular criterio, lo que genera estrabismo pol\u00edtico, balbuceos discursivos y batacazos. Como sucedi\u00f3 en Molina de Segura<\/strong><\/p>\n<p>Corr\u00eda el a\u00f1o 1908 en Cartagena. En el barrio Peral se casaban el torero cordob\u00e9s Rafael Gonz\u00e1lez \u2018Machaquito\u2019 y \u00c1ngeles Clementson, hija de un acaudalado empresario de nacionalidad inglesa que viv\u00eda en la ciudad portuaria. Era la primera vez que en Espa\u00f1a contra\u00edan nupcias un c\u00e9lebre diestro y una joven de la alta burgues\u00eda, todo un evento social que atrajo a periodistas de varios pa\u00edses europeos y suramericanos. Como amigo y testigo del novio, a la boda acudi\u00f3 Benito P\u00e9rez Gald\u00f3s. Es m\u00e1s que probable que esta an\u00e9cdota sea conocida por la nueva alcaldesa de Molina de Segura, la socialista Esther Clavero. Ella realiza su tesis doctoral sobre el clericalismo y el anticlericalismo en la obra del insigne escritor y cronista, cuyas visitas a la Regi\u00f3n pueden contarse con los dedos de una mano. Entonces no pasaban desapercibidas. En 1903, el autor de los \u2018Episodios Nacionales\u2019 ya estuvo en Cartagena, donde ley\u00f3 en el C\u00edrculo Militar un discurso provocador que propon\u00eda una alianza entre Espa\u00f1a y Gran Breta\u00f1a, pa\u00eds que cinco a\u00f1os antes, en 1898, apoy\u00f3 a Estados Unidos en la guerra donde perdimos Cuba.<\/p>\n<p>     M\u00e1s de andar por casa, pero pol\u00e9mico, medi\u00e1tico e igualmente singular, ha sido el enlace pol\u00edtico que inesperadamente dio el bast\u00f3n de mando de Molina de Segura a esta estudiosa de la obra de Gald\u00f3s. El motivo de la controversia no es Esther Clavero y su grupo, que supo aprovechar la oportunidad abierta con la dimisi\u00f3n del alcalde Eduardo Contreras, sino otro de los contrayentes de este \u2018s\u00ed quiero\u2019: el grupo municipal de Ciudadanos. Su l\u00edder local, Estanislao Vidal, es sin duda un pol\u00edtico que abre caminos. Edil del PP durante ocho a\u00f1os, fue de los pioneros que migraron a Ciudadanos, donde se convirti\u00f3 en el primer concejal electo del partido de Rivera fuera de Catalu\u00f1a. Y ya es el primero que respalda en la Regi\u00f3n una coalici\u00f3n \u2018a la valenciana\u2019 entre el PSOE y los nuevos partidos de izquierdas para investir a un candidato que no forma parte de la lista m\u00e1s votada, poni\u00e9ndose por montera las directrices nacionales de su formaci\u00f3n en materia de pactos de gobierno. Ahora deber\u00e1 explicar su decisi\u00f3n al Comit\u00e9 Ejecutivo Nacional de C\u2019s y, lo que es m\u00e1s dif\u00edcil, a sus votantes en Molina. Vidal ya ha adelantado que vot\u00f3 \u00aben conciencia\u00bb porque el \u00abPP no cumpl\u00eda nada\u00bb y Molina de Segura necesita un \u00abrevulsivo\u00bb. Con esos romos argumentos, y dado que no formar\u00e1 parte del nuevo Gobierno municipal ni particip\u00f3 en el pacto program\u00e1tico de la izquierda, quien se vot\u00f3 a si mismo en junio pasado viene a dar la raz\u00f3n a quienes interpretan su decisi\u00f3n como un rejonazo de castigo al PP, que \u00e9ste atribuye sencillamente a su negativa a convertirle en primer edil. El PP se siente toreado por quien cambi\u00f3 de novia al pie del altar. En otro momento quiz\u00e1 pudo haber acabado de alcalde con el apoyo de los populares, pero en la probable antesala de elecciones, todos los partidos nacionales tratan de mostrar coherencia. No solo por los pactos de gobierno y sus expectativas en las urnas sino porque se est\u00e1n jugando sus liderazgos internos. Desde Pedro S\u00e1nchez y Pablo Iglesias a Rajoy. A Rivera nadie le cuestiona internamente, pero no est\u00e1 exento del examen en las urnas. Al saltarse la directriz de facilitar la elecci\u00f3n de un candidato propio o de la lista m\u00e1s votada (salvo que se llame Mariano Rajoy), Vidal le ha hecho un flaco favor a Ciudadanos, enfrascado en demostrar que no es un partido de aluvi\u00f3n y que es fiable porque es predecible, sus flancos m\u00e1s d\u00e9biles. Pese a sus esfuerzos no siempre lo logra. C\u2019S mira a izquierda y derecha desde el centro, aunque a veces lo hace de forma simult\u00e1nea o con un particular criterio. Y eso genera estrabismo pol\u00edtico, balbuceos discursivos y batacazos. Como sucedi\u00f3 en Molina de Segura.<\/p>\n<p>     El PP tiene buena parte de responsabilidad en su p\u00e9rdida de la alcald\u00eda. Los pol\u00edticos tambi\u00e9n tienen fecha de caducidad, como los yogures, escrib\u00eda esta semana Manuel Alc\u00e1ntara en \u2018La Verdad\u2019. Y aunque no la lleven escrita en la frente o en el dorso hay que estar ciego para no verla. Tras veinte a\u00f1os como regidor, Contreras deb\u00eda haber anticipado su relevo. Es verdad que hoy todo se ve m\u00e1s cristalino, pero la necesidad para el PP de un caballo de refresco era muy plausible. Al final gana quien ten\u00eda posibilidades remotas. El PSOE suma as\u00ed otra alcald\u00eda. Y ya van 23 de 45. Otra cosa ser\u00e1 la gobernabilidad a partir de ahora del municipio, con la oposici\u00f3n de nueve concejales del PP y cinco de Ciudadanos votando en \u00abconciencia\u00bb desde la oposici\u00f3n. Clavero no pudo brillar mucho a su paso por la Asamblea porque los protagonismos estaban muy concentrados en su grupo, pero es uno de los activos m\u00e1s valorados dentro del PSOE. Ahora tiene el bast\u00f3n y la oportunidad de demostrar que no es una eterna promesa. Como a todo cargo electo le deseo la mejor de las fortunas, sobre todo por los molinenses. Churchill dec\u00eda que la \u00absuerte es el cuidado de los detalles\u00bb y la nueva alcaldesa deber\u00e1 atender muchos y complejos estando en minor\u00eda. Pero ella ya sabe, porque lo asever\u00f3 su viejo conocido Gald\u00f3s, que la \u00abexperiencia es una llama que no alumbra sino quemando\u00bb. De modo que valor y al toro, como hac\u00eda aquel otro Rafael Gonz\u00e1lez.<\/p>\n","protected":false},"excerpt":{"rendered":"<p>Ciudadanos mira a izquierda y derecha desde el centro, aunque a veces lo hace de forma simult\u00e1nea o con un particular criterio, lo que genera estrabismo pol\u00edtico, balbuceos discursivos y batacazos. Como sucedi\u00f3 en Molina de Segura Corr\u00eda el a\u00f1o 1908 en Cartagena. En el barrio Peral se casaban el torero cordob\u00e9s Rafael Gonz\u00e1lez \u2018Machaquito\u2019 [&hellip;]<\/p>\n","protected":false},"author":11,"featured_media":0,"comment_status":"closed","ping_status":"open","sticky":false,"template":"","format":"standard","meta":[],"categories":[3],"tags":[],"_links":{"self":[{"href":"https:\/\/blogs.laverdad.es\/primeraplana\/wp-json\/wp\/v2\/posts\/906"}],"collection":[{"href":"https:\/\/blogs.laverdad.es\/primeraplana\/wp-json\/wp\/v2\/posts"}],"about":[{"href":"https:\/\/blogs.laverdad.es\/primeraplana\/wp-json\/wp\/v2\/types\/post"}],"author":[{"embeddable":true,"href":"https:\/\/blogs.laverdad.es\/primeraplana\/wp-json\/wp\/v2\/users\/11"}],"replies":[{"embeddable":true,"href":"https:\/\/blogs.laverdad.es\/primeraplana\/wp-json\/wp\/v2\/comments?post=906"}],"version-history":[{"count":0,"href":"https:\/\/blogs.laverdad.es\/primeraplana\/wp-json\/wp\/v2\/posts\/906\/revisions"}],"wp:attachment":[{"href":"https:\/\/blogs.laverdad.es\/primeraplana\/wp-json\/wp\/v2\/media?parent=906"}],"wp:term":[{"taxonomy":"category","embeddable":true,"href":"https:\/\/blogs.laverdad.es\/primeraplana\/wp-json\/wp\/v2\/categories?post=906"},{"taxonomy":"post_tag","embeddable":true,"href":"https:\/\/blogs.laverdad.es\/primeraplana\/wp-json\/wp\/v2\/tags?post=906"}],"curies":[{"name":"wp","href":"https:\/\/api.w.org\/{rel}","templated":true}]}}