{"id":907,"date":"2016-04-10T07:37:56","date_gmt":"2016-04-10T05:37:56","guid":{"rendered":"http:\/\/blogs.laverdad.es\/primeraplana\/?p=907"},"modified":"2016-04-10T07:37:56","modified_gmt":"2016-04-10T05:37:56","slug":"cuidar-la-caja","status":"publish","type":"post","link":"https:\/\/blogs.laverdad.es\/primeraplana\/2016\/04\/10\/cuidar-la-caja\/","title":{"rendered":"Cuidar la caja"},"content":{"rendered":"<p>Dicen los directores financieros de las empresas que la cuenta de resultados es una opini\u00f3n mientras que la caja es un hecho. Las famosas PyG\u2019s lo aguantan casi todo en el papel. Son como una fotograf\u00eda borrosa de previsiones sobre la que luego opinan auditores internos y externos, dando finalmente su visto bueno, con o sin salvedades. Pero lo que precipita el cierre de una empresa no es tanto el desequilibrio en el cumplimiento de sus cuentas como la falta de liquidez. Es el dinero existente en la caja el principal indicador del estado de salud financiero de toda instituci\u00f3n. Los Presupuestos de la Comunidad no son formalmente distintos a los de una empresa. Aunque se proyectan para mantener los servicios p\u00fablicos y la Administraci\u00f3n regional al servicio de la ciudadan\u00eda, que es una diferencia de fondo sustancial, se basan tambi\u00e9n en proyecciones de gastos e ingresos con alto grado de incertidumbre. Una vez aprobados son revisados por el Ministerio de Hacienda y la Autoridad Independiente Fiscal y Financiera (Airef), que acaba de opinar sobre la marcha de nuestras finanzas p\u00fablicas.    <\/p>\n<p>Seg\u00fan cree la Airef, cuatriplicaremos en 2016 el objetivo de d\u00e9ficit, asignado injustamente por igual a todas las comunidades (ricas y pobres, bien y mal financiadas), lo que, sumado a la deuda p\u00fablica, suscita riesgos en el medio o largo plazo para nuestra sostenibilidad financiera. Es solo una opini\u00f3n, la de un organismo independiente, aunque sin duda tiene su peso. La ventaja del sector p\u00fablico es que el Estado har\u00e1 lo que sea para evitar la quiebra de cualquier Comunidad (detr\u00e1s de los n\u00fameros hay personas y servicios esenciales), pero a cambio del cumplimiento de la ley de estabilidad presupuestaria. Es razonable la exigencia a Murcia del ministro Montoro, el \u00fanico que no est\u00e1 en funciones porque el Ejecutivo europeo no lo est\u00e1, de que la Comunidad pague en tiempo a quienes compra o contrata. Tan importante como el cumplimiento del d\u00e9ficit es el pago a los proveedores en el plazo fijado por ley (30 d\u00edas), lo que obligar\u00e1 al consejero Andr\u00e9s Carrillo a preparar un plan de tesorer\u00eda que reduzca a la mitad la demora media (52 d\u00edas). Si continuamos con un alto d\u00e9ficit el crecimiento econ\u00f3mico ser\u00e1 inestable, no se podr\u00e1n bajar impuestos, perdurar\u00e1 el fantasma de nuevos ajustes, se tardar\u00e1 m\u00e1s en invertir en obra p\u00fablica, se ahuyentar\u00e1 a los inversores porque percibir\u00e1n una Administraci\u00f3n poco fiable y se dejar\u00e1 una deuda mareante. Lo dif\u00edcil es hacerlo cuando ya apenas hay grasa y se toca hueso, o acometerlo a un ritmo que puede ser asfixiante para los ciudadanos y los servicios p\u00fablicos. Todo es m\u00e1s complicado si adem\u00e1s la Administraci\u00f3n tarda en pagar m\u00e1s all\u00e1 de lo razonable y lo legal, porque continuar\u00e1 metiendo en serios apuros a las empresas proveedoras, muchas de las cuales cerraron en estos a\u00f1os de crisis porque, si bien en sus cuentas se preve\u00edan ingresos suficientes, en sus cajas hab\u00eda solo telara\u00f1as a causa, frecuentemente, de los retrasos de las administraciones p\u00fablicas.    <\/p>\n<p>El problema no tiene hoy las dimensiones de los a\u00f1os m\u00e1s duros de la crisis, pero no todos los proveedores tienen la misma capacidad de resistencia en este contexto econ\u00f3mico de ralentizaci\u00f3n. El plan de pago a proveedores y el fondo de liquidez auton\u00f3mica, dos de los aciertos en el particular balance del controvertido ministro, a\u00fan son imprescindibles porque a corto plazo seguir\u00e1 sin modificarse el modelo de financiaci\u00f3n auton\u00f3mica que perjudica a la Regi\u00f3n. Al consejero Carrillo no le va a resultar f\u00e1cil cumplir con los dictados del Ministerio de Hacienda, habida cuenta adem\u00e1s de que las enmiendas de la oposici\u00f3n han descuadrado parte de los Presupuestos y debe ajustar a pulm\u00f3n, esto es, con mejor gesti\u00f3n y reformas, sin recortes del gasto p\u00fablico y facilitando medidas de activaci\u00f3n econ\u00f3mica que mutipliquen los ingresos. De hecho, ya ha solicitado audiencia urgente con Montoro para advertirle de que no podr\u00e1 hacer lo que le pide: la no disponibilidad de nuevo gasto, un techo para el gasto farmac\u00e9utico y un plan econ\u00f3mico-financiero que debe presentarse en quince d\u00edas. En el tiempo de descuento, el mismo ministro que fue muy laxo antes del a\u00f1o electoral, porque hab\u00eda muchos votos en juego, ha sacado el l\u00e1tigo, uno muy parecido al que Bruselas descarga sobre \u00e9l en los \u00faltimos d\u00edas.<\/p>\n","protected":false},"excerpt":{"rendered":"<p>Dicen los directores financieros de las empresas que la cuenta de resultados es una opini\u00f3n mientras que la caja es un hecho. Las famosas PyG\u2019s lo aguantan casi todo en el papel. Son como una fotograf\u00eda borrosa de previsiones sobre la que luego opinan auditores internos y externos, dando finalmente su visto bueno, con o [&hellip;]<\/p>\n","protected":false},"author":11,"featured_media":0,"comment_status":"closed","ping_status":"open","sticky":false,"template":"","format":"standard","meta":[],"categories":[3],"tags":[195,196,197],"_links":{"self":[{"href":"https:\/\/blogs.laverdad.es\/primeraplana\/wp-json\/wp\/v2\/posts\/907"}],"collection":[{"href":"https:\/\/blogs.laverdad.es\/primeraplana\/wp-json\/wp\/v2\/posts"}],"about":[{"href":"https:\/\/blogs.laverdad.es\/primeraplana\/wp-json\/wp\/v2\/types\/post"}],"author":[{"embeddable":true,"href":"https:\/\/blogs.laverdad.es\/primeraplana\/wp-json\/wp\/v2\/users\/11"}],"replies":[{"embeddable":true,"href":"https:\/\/blogs.laverdad.es\/primeraplana\/wp-json\/wp\/v2\/comments?post=907"}],"version-history":[{"count":0,"href":"https:\/\/blogs.laverdad.es\/primeraplana\/wp-json\/wp\/v2\/posts\/907\/revisions"}],"wp:attachment":[{"href":"https:\/\/blogs.laverdad.es\/primeraplana\/wp-json\/wp\/v2\/media?parent=907"}],"wp:term":[{"taxonomy":"category","embeddable":true,"href":"https:\/\/blogs.laverdad.es\/primeraplana\/wp-json\/wp\/v2\/categories?post=907"},{"taxonomy":"post_tag","embeddable":true,"href":"https:\/\/blogs.laverdad.es\/primeraplana\/wp-json\/wp\/v2\/tags?post=907"}],"curies":[{"name":"wp","href":"https:\/\/api.w.org\/{rel}","templated":true}]}}