{"id":910,"date":"2016-04-12T12:53:19","date_gmt":"2016-04-12T10:53:19","guid":{"rendered":"http:\/\/blogs.laverdad.es\/primeraplana\/?p=910"},"modified":"2016-04-12T12:53:19","modified_gmt":"2016-04-12T10:53:19","slug":"el-que-no-corre-vuela","status":"publish","type":"post","link":"https:\/\/blogs.laverdad.es\/primeraplana\/2016\/04\/12\/el-que-no-corre-vuela\/","title":{"rendered":"El que no corre, vuela"},"content":{"rendered":"<p>El mismo polit\u00f3logo malague\u00f1o que como empresario ofertaba en 2012 servicios para abrir sociedades opacas en Panam\u00e1 acaba de cerrar dos acuerdos con los Ayuntamientos socialistas de Alhama de Murcia y \u00c1guilas en materia de transparencia, a trav\u00e9s de una ONG, a cambio de unas m\u00f3dicas facturas de 17.400 y 6.700 euros, respectivamente. De la opacidad a la transparencia en un abrir y cerrar de ojos, todo dentro de la legalidad y aupado por los nuevos vientos de la regeneraci\u00f3n, que por lo visto tambi\u00e9n dejan cuartos. La etapa de la opacidad no fructific\u00f3 y eso que el aludido reconoce haber recibido una subvenci\u00f3n de la Junta de Andaluc\u00eda para abrir una delegaci\u00f3n en Panam\u00e1. Ahora, aparentemente fuera del lado oscuro, asesora sobre regeneraci\u00f3n por Murcia. Conclusi\u00f3n: el que no corre, vuela.<\/p>\n","protected":false},"excerpt":{"rendered":"<p>El mismo polit\u00f3logo malague\u00f1o que como empresario ofertaba en 2012 servicios para abrir sociedades opacas en Panam\u00e1 acaba de cerrar dos acuerdos con los Ayuntamientos socialistas de Alhama de Murcia y \u00c1guilas en materia de transparencia, a trav\u00e9s de una ONG, a cambio de unas m\u00f3dicas facturas de 17.400 y 6.700 euros, respectivamente. De la [&hellip;]<\/p>\n","protected":false},"author":11,"featured_media":0,"comment_status":"closed","ping_status":"open","sticky":false,"template":"","format":"standard","meta":[],"categories":[36],"tags":[],"_links":{"self":[{"href":"https:\/\/blogs.laverdad.es\/primeraplana\/wp-json\/wp\/v2\/posts\/910"}],"collection":[{"href":"https:\/\/blogs.laverdad.es\/primeraplana\/wp-json\/wp\/v2\/posts"}],"about":[{"href":"https:\/\/blogs.laverdad.es\/primeraplana\/wp-json\/wp\/v2\/types\/post"}],"author":[{"embeddable":true,"href":"https:\/\/blogs.laverdad.es\/primeraplana\/wp-json\/wp\/v2\/users\/11"}],"replies":[{"embeddable":true,"href":"https:\/\/blogs.laverdad.es\/primeraplana\/wp-json\/wp\/v2\/comments?post=910"}],"version-history":[{"count":0,"href":"https:\/\/blogs.laverdad.es\/primeraplana\/wp-json\/wp\/v2\/posts\/910\/revisions"}],"wp:attachment":[{"href":"https:\/\/blogs.laverdad.es\/primeraplana\/wp-json\/wp\/v2\/media?parent=910"}],"wp:term":[{"taxonomy":"category","embeddable":true,"href":"https:\/\/blogs.laverdad.es\/primeraplana\/wp-json\/wp\/v2\/categories?post=910"},{"taxonomy":"post_tag","embeddable":true,"href":"https:\/\/blogs.laverdad.es\/primeraplana\/wp-json\/wp\/v2\/tags?post=910"}],"curies":[{"name":"wp","href":"https:\/\/api.w.org\/{rel}","templated":true}]}}