{"id":913,"date":"2016-04-20T08:43:44","date_gmt":"2016-04-20T06:43:44","guid":{"rendered":"http:\/\/blogs.laverdad.es\/primeraplana\/?p=913"},"modified":"2016-04-20T08:43:44","modified_gmt":"2016-04-20T06:43:44","slug":"ducha-escocesa","status":"publish","type":"post","link":"https:\/\/blogs.laverdad.es\/primeraplana\/2016\/04\/20\/ducha-escocesa\/","title":{"rendered":"Ducha escocesa"},"content":{"rendered":"<p>El Gobierno nos sumergi\u00f3 ayer en un ba\u00f1o de realismo y de electoralismo a ritmo de ducha escocesa. Primero llegaron los cubos de agua fr\u00eda de la mano del ministro Luis de Guindos, con sus nuevas previsiones al alza de paro y d\u00e9ficit para los pr\u00f3ximos dos a\u00f1os, ante la constataci\u00f3n de que no podr\u00e1 cumplir sus objetivos por la desaceleraci\u00f3n econ\u00f3mica. Una noticia sombr\u00eda que, sin embargo, supone un bal\u00f3n de ox\u00edgeno en las comunidades aut\u00f3nomas con m\u00e1s dificultades para no rebasar el techo de d\u00e9ficit. Ya cuando el ambiente se estaba poniendo g\u00e9lido apareci\u00f3 Montoro, que es mucho m\u00e1s pol\u00edtico de partido que De Guindos, para lanzarnos agua tibia con el anuncio de que los funcionarios de la Administraci\u00f3n central cobrar\u00e1n este mes el 50% de la extra de 2012. Todo en el mismo d\u00eda y en la antesala de nuevas elecciones.<\/p>\n","protected":false},"excerpt":{"rendered":"<p>El Gobierno nos sumergi\u00f3 ayer en un ba\u00f1o de realismo y de electoralismo a ritmo de ducha escocesa. Primero llegaron los cubos de agua fr\u00eda de la mano del ministro Luis de Guindos, con sus nuevas previsiones al alza de paro y d\u00e9ficit para los pr\u00f3ximos dos a\u00f1os, ante la constataci\u00f3n de que no podr\u00e1 [&hellip;]<\/p>\n","protected":false},"author":11,"featured_media":0,"comment_status":"closed","ping_status":"open","sticky":false,"template":"","format":"standard","meta":[],"categories":[36],"tags":[],"_links":{"self":[{"href":"https:\/\/blogs.laverdad.es\/primeraplana\/wp-json\/wp\/v2\/posts\/913"}],"collection":[{"href":"https:\/\/blogs.laverdad.es\/primeraplana\/wp-json\/wp\/v2\/posts"}],"about":[{"href":"https:\/\/blogs.laverdad.es\/primeraplana\/wp-json\/wp\/v2\/types\/post"}],"author":[{"embeddable":true,"href":"https:\/\/blogs.laverdad.es\/primeraplana\/wp-json\/wp\/v2\/users\/11"}],"replies":[{"embeddable":true,"href":"https:\/\/blogs.laverdad.es\/primeraplana\/wp-json\/wp\/v2\/comments?post=913"}],"version-history":[{"count":0,"href":"https:\/\/blogs.laverdad.es\/primeraplana\/wp-json\/wp\/v2\/posts\/913\/revisions"}],"wp:attachment":[{"href":"https:\/\/blogs.laverdad.es\/primeraplana\/wp-json\/wp\/v2\/media?parent=913"}],"wp:term":[{"taxonomy":"category","embeddable":true,"href":"https:\/\/blogs.laverdad.es\/primeraplana\/wp-json\/wp\/v2\/categories?post=913"},{"taxonomy":"post_tag","embeddable":true,"href":"https:\/\/blogs.laverdad.es\/primeraplana\/wp-json\/wp\/v2\/tags?post=913"}],"curies":[{"name":"wp","href":"https:\/\/api.w.org\/{rel}","templated":true}]}}