{"id":915,"date":"2016-04-22T08:39:04","date_gmt":"2016-04-22T06:39:04","guid":{"rendered":"http:\/\/blogs.laverdad.es\/primeraplana\/?p=915"},"modified":"2016-04-22T08:39:04","modified_gmt":"2016-04-22T06:39:04","slug":"algo-mas-que-insensatez","status":"publish","type":"post","link":"https:\/\/blogs.laverdad.es\/primeraplana\/2016\/04\/22\/algo-mas-que-insensatez\/","title":{"rendered":"Algo m\u00e1s que insensatez"},"content":{"rendered":"<p>Ciudadanos reconoci\u00f3 anoche que carg\u00f3 a la Asamblea Regional gastos en v\u00eddeos, imprenta y publicidad realizados por el partido durante las \u00faltimas auton\u00f3micas como si fueran producto de su actividad como grupo parlamentario. En un comunicado, asegur\u00f3 que este fraudulento enga\u00f1o fue el resultado de un \u00aberror administrativo\u00bb, una explicaci\u00f3n muy poco convincente cuando entre manos hay facturas manipuladas, un incumplimiento de la Loreg que exige el pago a los proveedores en 90 d\u00edas y un gasto electoral que se habr\u00eda hurtado a la fiscalizaci\u00f3n del Tribunal de Cuentas. Son presuntos indicios de financiaci\u00f3n irregular, aunque el partido del &#8216;cambio sensato&#8217; solo se plantea oficialmente \u00abvalorar si se deben tomar medidas frente a los profesionales administrativos que han cometido el error\u00bb. En el interno, sin embargo, se espera la depuraci\u00f3n de responsabilidades pol\u00edticas. \u00bfQu\u00e9 quedar\u00e1 si no del &#8216;monomantra&#8217; de la ejemplaridad y la regeneraci\u00f3n? <\/p>\n","protected":false},"excerpt":{"rendered":"<p>Ciudadanos reconoci\u00f3 anoche que carg\u00f3 a la Asamblea Regional gastos en v\u00eddeos, imprenta y publicidad realizados por el partido durante las \u00faltimas auton\u00f3micas como si fueran producto de su actividad como grupo parlamentario. En un comunicado, asegur\u00f3 que este fraudulento enga\u00f1o fue el resultado de un \u00aberror administrativo\u00bb, una explicaci\u00f3n muy poco convincente cuando entre [&hellip;]<\/p>\n","protected":false},"author":11,"featured_media":0,"comment_status":"closed","ping_status":"open","sticky":false,"template":"","format":"standard","meta":[],"categories":[36],"tags":[171,185,8,198],"_links":{"self":[{"href":"https:\/\/blogs.laverdad.es\/primeraplana\/wp-json\/wp\/v2\/posts\/915"}],"collection":[{"href":"https:\/\/blogs.laverdad.es\/primeraplana\/wp-json\/wp\/v2\/posts"}],"about":[{"href":"https:\/\/blogs.laverdad.es\/primeraplana\/wp-json\/wp\/v2\/types\/post"}],"author":[{"embeddable":true,"href":"https:\/\/blogs.laverdad.es\/primeraplana\/wp-json\/wp\/v2\/users\/11"}],"replies":[{"embeddable":true,"href":"https:\/\/blogs.laverdad.es\/primeraplana\/wp-json\/wp\/v2\/comments?post=915"}],"version-history":[{"count":0,"href":"https:\/\/blogs.laverdad.es\/primeraplana\/wp-json\/wp\/v2\/posts\/915\/revisions"}],"wp:attachment":[{"href":"https:\/\/blogs.laverdad.es\/primeraplana\/wp-json\/wp\/v2\/media?parent=915"}],"wp:term":[{"taxonomy":"category","embeddable":true,"href":"https:\/\/blogs.laverdad.es\/primeraplana\/wp-json\/wp\/v2\/categories?post=915"},{"taxonomy":"post_tag","embeddable":true,"href":"https:\/\/blogs.laverdad.es\/primeraplana\/wp-json\/wp\/v2\/tags?post=915"}],"curies":[{"name":"wp","href":"https:\/\/api.w.org\/{rel}","templated":true}]}}