{"id":918,"date":"2016-04-24T07:38:44","date_gmt":"2016-04-24T05:38:44","guid":{"rendered":"http:\/\/blogs.laverdad.es\/primeraplana\/?p=918"},"modified":"2016-04-24T07:38:44","modified_gmt":"2016-04-24T05:38:44","slug":"del-naranja-al-colorao","status":"publish","type":"post","link":"https:\/\/blogs.laverdad.es\/primeraplana\/2016\/04\/24\/del-naranja-al-colorao\/","title":{"rendered":"Del naranja al &#039;colorao&#039;"},"content":{"rendered":"<p>La revelaci\u00f3n de que Ciudadanos carg\u00f3 gastos electorales a la Asamblea, como si fueran producto de la actividad de su grupo parlamentario, acab\u00f3 esta semana con la destituci\u00f3n del delegado territorial en Murcia, Mario G\u00f3mez, y con otro expediente disciplinario a uno de los cuatro diputados de la formaci\u00f3n, Luis Fern\u00e1ndez. Sin embargo, la crisis abierta est\u00e1 lejos de haberse resta\u00f1ado porque sigue sin ser cre\u00edble que todo obedeciera a un error administrativo, una vez demostrada la doble facturaci\u00f3n instada por Mario G\u00f3mez a diversos proveedores contratados durante la campa\u00f1a electoral. Veinticuatro horas despu\u00e9s de circunscribir lo ocurrido al \u00e1mbito de las \u00abresponsabilidades administrativas\u00bb, la direcci\u00f3n nacional del partido que hace bandera de la regeneraci\u00f3n en la vida p\u00fablica tuvo que dar marcha atr\u00e1s, corregir su tibieza inicial y depurar finalmente responsabilidades pol\u00edticas. Albert Rivera ha actuado con rapidez, pero ayer insist\u00eda  en calificar de irregularidad administrativa lo que, sin embargo, tuvo tintes de financiaci\u00f3n irregular, supuso un incumplimiento de la ley electoral y llev\u00f3 aparejado una ocultaci\u00f3n al Tribunal de Cuentas de una cantidad de dinero para gastos electorales superior a la mitad de la declarada. Por m\u00e1s que se insista, no es un tema menor. Perseverar en esa l\u00ednea s\u00ed es un error, y muy t\u00edpico de esa vieja pol\u00edtica que tanto critica. <\/p>\n<p>     El incidente ha puesto en evidencia la transversalidad de los comportamientos alejados de la ejemplaridad, lo que en s\u00ed mismo era una obviedad porque no van ligados a las siglas sino a la condici\u00f3n humana. En Murcia estas facturas trucadas han puesto por primera vez \u2018colorao\u2019 al partido naranja. Lo ocurrido no invalida su pulcro y acad\u00e9mico discurso de regeneraci\u00f3n, franquiciado por todo el pa\u00eds por j\u00f3venes pol\u00edticos, muchos rebotados de otros partidos, aunque los detalles del caso y la titubeante reacci\u00f3n han hecho mella en una credibilidad pol\u00edtica que deb\u00eda estar impoluta porque C\u2019s no tiene responsabilidades de gobierno en ning\u00fan municipio y no gestiona dinero p\u00fablico. Ciudadanos ha reaccionado con mucha m\u00e1s celeridad y contundencia que otros, aunque ha sido excesivamente parco en explicaciones p\u00fablicas. Ninguno de los implicados ha comparecido a\u00fan en rueda de prensa para encarar todas las preguntas que est\u00e1n hoy sin respuesta. Sobrepasados por las circunstancias, las escasas declaraciones p\u00fablicas fueron confusas, llegando a afirmarse que todo est\u00e1 subsanado cuando eso no se corresponde con la realidad. No ser\u00eda justo olvidar lo mucho realizado por Ciudadanos para desterrar la corrupci\u00f3n en nuestro territorio desde hace un a\u00f1o, pero ya se ve que no es lo mismo predicar que dar trigo. Ciudadanos sale de este episodio tocado y con m\u00e1cula. No es el acabose, pero marca un punto de inflexi\u00f3n porque la \u2018auctoritas\u2019 no se recupera de un d\u00eda para otro y menos en un joven partido en formaci\u00f3n que est\u00e1 ahora semidescabezado y con las filas escasamente cohesionadas. Si el portavoz de C\u2019s en la Asamblea, Miguel S\u00e1nchez, responsable \u00faltimo de todo lo que se firma y se entrega en la Asamblea, sali\u00f3 indemne de este l\u00edo es fundamentalmente porque su destituci\u00f3n habr\u00eda dejado sin ning\u00fan liderazgo a un partido donde persiste una relaci\u00f3n tormentosa entre los m\u00e1s veteranos y los que, desembarcados a \u00faltima hora desde UPyD, est\u00e1n hoy en la c\u00faspide del poder org\u00e1nico. El desacato del grupo municipal de Molina de Segura a las directrices regionales fue el \u00faltimo ejemplo de esa turbulenta cohabitaci\u00f3n. No hay que ser un lince para deducir que este asunto trascendi\u00f3 porque alguien de C\u2019s filtr\u00f3 las facturas el jueves por la ma\u00f1ana a trav\u00e9s de un correo electr\u00f3nico an\u00f3nimo enviado a varios diputados y a la presidenta de la Asamblea. Si hab\u00eda alguna duda sobre la procedencia de la filtraci\u00f3n \u00e9sta qued\u00f3 totalmente disipada el viernes cuando se desvel\u00f3 un WhatsApp, enviado por Mario G\u00f3mez, instando a la emisi\u00f3n de esas nuevas facturas que llegaron a la Asamblea. Blanco y en botella.<\/p>\n<p>Ciudadanos tendr\u00e1 que recomponerse en tiempo r\u00e9cord. Si nada cambia en siete d\u00edas habr\u00e1 elecciones en junio. Ten\u00edan pendiente designar a un coordinador auton\u00f3mico para completar una direcci\u00f3n con tres cabezas y, tras la destituci\u00f3n de G\u00f3mez, solo queda la de Miguel S\u00e1nchez. Sobre sus hombros descansa ahora una pesada responsabilidad.<\/p>\n","protected":false},"excerpt":{"rendered":"<p>La revelaci\u00f3n de que Ciudadanos carg\u00f3 gastos electorales a la Asamblea, como si fueran producto de la actividad de su grupo parlamentario, acab\u00f3 esta semana con la destituci\u00f3n del delegado territorial en Murcia, Mario G\u00f3mez, y con otro expediente disciplinario a uno de los cuatro diputados de la formaci\u00f3n, Luis Fern\u00e1ndez. Sin embargo, la crisis [&hellip;]<\/p>\n","protected":false},"author":11,"featured_media":0,"comment_status":"closed","ping_status":"open","sticky":false,"template":"","format":"standard","meta":[],"categories":[3],"tags":[],"_links":{"self":[{"href":"https:\/\/blogs.laverdad.es\/primeraplana\/wp-json\/wp\/v2\/posts\/918"}],"collection":[{"href":"https:\/\/blogs.laverdad.es\/primeraplana\/wp-json\/wp\/v2\/posts"}],"about":[{"href":"https:\/\/blogs.laverdad.es\/primeraplana\/wp-json\/wp\/v2\/types\/post"}],"author":[{"embeddable":true,"href":"https:\/\/blogs.laverdad.es\/primeraplana\/wp-json\/wp\/v2\/users\/11"}],"replies":[{"embeddable":true,"href":"https:\/\/blogs.laverdad.es\/primeraplana\/wp-json\/wp\/v2\/comments?post=918"}],"version-history":[{"count":0,"href":"https:\/\/blogs.laverdad.es\/primeraplana\/wp-json\/wp\/v2\/posts\/918\/revisions"}],"wp:attachment":[{"href":"https:\/\/blogs.laverdad.es\/primeraplana\/wp-json\/wp\/v2\/media?parent=918"}],"wp:term":[{"taxonomy":"category","embeddable":true,"href":"https:\/\/blogs.laverdad.es\/primeraplana\/wp-json\/wp\/v2\/categories?post=918"},{"taxonomy":"post_tag","embeddable":true,"href":"https:\/\/blogs.laverdad.es\/primeraplana\/wp-json\/wp\/v2\/tags?post=918"}],"curies":[{"name":"wp","href":"https:\/\/api.w.org\/{rel}","templated":true}]}}