{"id":920,"date":"2016-04-28T07:28:49","date_gmt":"2016-04-28T05:28:49","guid":{"rendered":"http:\/\/blogs.laverdad.es\/primeraplana\/?p=920"},"modified":"2016-04-28T07:28:49","modified_gmt":"2016-04-28T05:28:49","slug":"humo","status":"publish","type":"post","link":"https:\/\/blogs.laverdad.es\/primeraplana\/2016\/04\/28\/humo\/","title":{"rendered":"Humo"},"content":{"rendered":"<p>El presidente Pedro Antonio S\u00e1nchez tom\u00f3 una decisi\u00f3n acertada cuando, como recalc\u00f3 ayer, \u00absacrific\u00f3 plazos en favor del consenso social\u00bb en la llegada del AVE, aunque la causa del nuevo retraso se detect\u00f3 oficialmente hace semanas y no tiene que ver con el cambio de fases. Ni siquiera con el soterramiento. Ah\u00ed patina. El colector de Emuasa afecta en un punto a la plataforma por donde debe pasar el tren, ya sea soterrado o provisionalmente en superficie. All\u00ed lleva siete d\u00e9cadas esa conducci\u00f3n de Emuasa, pero por motivos que alguien deber\u00eda explicar, o la empresa municipal de aguas no le inform\u00f3 de su red de tuber\u00edas a Adif o esta no se lo pidi\u00f3 a la primera. Solventar el entuerto puede suponer nueve meses de demora adicionales si no se logra una soluci\u00f3n t\u00e9cnica que permita desviar el tubo y continuar a la vez los trabajos. Parece que se est\u00e1 en ello. Mientras, atribuir responsabilidades a quien no las tiene ni es justo ni contribuye a mantener ese deseado consenso social.<\/p>\n","protected":false},"excerpt":{"rendered":"<p>El presidente Pedro Antonio S\u00e1nchez tom\u00f3 una decisi\u00f3n acertada cuando, como recalc\u00f3 ayer, \u00absacrific\u00f3 plazos en favor del consenso social\u00bb en la llegada del AVE, aunque la causa del nuevo retraso se detect\u00f3 oficialmente hace semanas y no tiene que ver con el cambio de fases. Ni siquiera con el soterramiento. Ah\u00ed patina. El colector [&hellip;]<\/p>\n","protected":false},"author":11,"featured_media":0,"comment_status":"closed","ping_status":"open","sticky":false,"template":"","format":"standard","meta":[],"categories":[36],"tags":[],"_links":{"self":[{"href":"https:\/\/blogs.laverdad.es\/primeraplana\/wp-json\/wp\/v2\/posts\/920"}],"collection":[{"href":"https:\/\/blogs.laverdad.es\/primeraplana\/wp-json\/wp\/v2\/posts"}],"about":[{"href":"https:\/\/blogs.laverdad.es\/primeraplana\/wp-json\/wp\/v2\/types\/post"}],"author":[{"embeddable":true,"href":"https:\/\/blogs.laverdad.es\/primeraplana\/wp-json\/wp\/v2\/users\/11"}],"replies":[{"embeddable":true,"href":"https:\/\/blogs.laverdad.es\/primeraplana\/wp-json\/wp\/v2\/comments?post=920"}],"version-history":[{"count":0,"href":"https:\/\/blogs.laverdad.es\/primeraplana\/wp-json\/wp\/v2\/posts\/920\/revisions"}],"wp:attachment":[{"href":"https:\/\/blogs.laverdad.es\/primeraplana\/wp-json\/wp\/v2\/media?parent=920"}],"wp:term":[{"taxonomy":"category","embeddable":true,"href":"https:\/\/blogs.laverdad.es\/primeraplana\/wp-json\/wp\/v2\/categories?post=920"},{"taxonomy":"post_tag","embeddable":true,"href":"https:\/\/blogs.laverdad.es\/primeraplana\/wp-json\/wp\/v2\/tags?post=920"}],"curies":[{"name":"wp","href":"https:\/\/api.w.org\/{rel}","templated":true}]}}