{"id":922,"date":"2016-05-08T07:31:07","date_gmt":"2016-05-08T05:31:07","guid":{"rendered":"http:\/\/blogs.laverdad.es\/primeraplana\/?p=922"},"modified":"2016-05-08T07:31:07","modified_gmt":"2016-05-08T05:31:07","slug":"el-arbol-murciano-en-el-bosque-global","status":"publish","type":"post","link":"https:\/\/blogs.laverdad.es\/primeraplana\/2016\/05\/08\/el-arbol-murciano-en-el-bosque-global\/","title":{"rendered":"El \u00e1rbol murciano en el bosque global"},"content":{"rendered":"<p><strong>Viendo que nadie est\u00e1 por la labor o en condiciones de alcanzar consensos, por la inminente cita electoral, lo sensato es no quedarse a la expectativa y actuar para aprovechar un viento econ\u00f3mico favorable que empieza a debilitarse<\/strong><\/p>\n<p>Pedro Antonio S\u00e1nchez asegur\u00f3 el jueves en la Asamblea que el PIB regional podr\u00eda volver a cotas anteriores a la crisis, lo que \u00abestamos consiguiendo -dijo- con nuestras reformas, nuestra valent\u00eda en los planteamientos, con nuestro rigor y con la confianza que genera el Gobierno\u00bb. En la antesala de otras elecciones generales era de esperar tan esperanzador pron\u00f3stico de la econom\u00eda murciana, entreverado con una inevitable cu\u00f1a de autobombo. Ciertamente, la econom\u00eda espa\u00f1ola arranc\u00f3 el a\u00f1o con fuerza durante los dos primeros meses, cumpli\u00e9ndose una especie de regla no escrita: la econom\u00eda murciana acent\u00faa el signo de los ciclos de la econom\u00eda nacional. Cuando Espa\u00f1a entra en barrena, la crisis es m\u00e1s profunda en la Regi\u00f3n. Si, por el contrario, hay crecimiento nacional, ah\u00ed estaremos en puestos de vanguardia.<\/p>\n<p>Los \u00faltimos datos son inequ\u00edvocamente positivos porque marcan una tendencia favorable, aunque quede mucho por hacer. La Encuesta de Poblaci\u00f3n Activa del primer trimestre y el paro registrado en abril reflejan una n\u00edtida recuperaci\u00f3n del empleo regional, mientras que las previsiones de crecimiento publicadas por la Airef, Ceprede y el BBVA son alentadoras. Otra cuesti\u00f3n diferente es que los m\u00e9ritos se deban en su mayor parte a las pol\u00edticas econ\u00f3micas del Gobierno de Pedro Antonio S\u00e1nchez, ya que lo regional se enmarca en una tendencia nacional y europea marcada por la depreciaci\u00f3n del euro y por los bajos precios del petr\u00f3leo y de los tipos de inter\u00e9s. El famoso viento de cola tiene mucho que ver en este fen\u00f3meno, que est\u00e1 siendo aprovechado por el tejido productivo murciano para impulsar sus exportaciones y captar el mayor n\u00famero de turistas posibles. En el mar de la econom\u00eda hay que aprovechar los vientos con rapidez, desplegando las velas adecuadas. Lo ha hecho acertadamente el equipo de Pedro Antonio S\u00e1nchez con la bajada de impuestos, el decreto de simplificaci\u00f3n administrativa y la liberalizaci\u00f3n de los horarios comerciales. Lo deseable hubiera sido que estas \u00faltimas medidas, ya aplicables pero todav\u00eda sin efectos reales por ser muy recientes, se hubieran tramitado con mayor participaci\u00f3n pol\u00edtica y social, pero el Gobierno utiliz\u00f3 la v\u00eda del decreto ley alegando motivos de urgencia. Y en efecto los hay, lo que no quita para que en el trasfondo haya, tambi\u00e9n, un deseo del Ejecutivo regional de no ver c\u00f3mo la oposici\u00f3n le da un vuelco a sus medidas.<\/p>\n<p>La realidad es que los aires econ\u00f3micos favorables empiezan a debilitarse. Por tanto, siendo elogiosa la actitud de S\u00e1nchez, ser\u00e1 muy complicado que se pueda cumplir con el objetivo de alcanzar este a\u00f1o los niveles de riqueza anteriores a 2008. El fracaso pol\u00edtico que supuso la nueva convocatoria de elecciones generales tuvo un efecto evidente en abril. Son muchos los convenios colectivos, las subidas salariales y las nuevas inversiones empresariales que est\u00e1n en suspenso a la espera de saber qui\u00e9n gobernar\u00e1 Espa\u00f1a y cu\u00e1l ser\u00e1 su pol\u00edtica econ\u00f3mica. Murcia, adem\u00e1s, es un peque\u00f1o \u00e1rbol en el interconectado bosque global. El propio Gobierno en funciones de Mariano Rajoy aprob\u00f3 en las \u00faltimas semanas un plan de estabilidad que contempla una ca\u00edda de las exportaciones, un escenario adverso de subida de tipos y un encarecimiento del petr\u00f3leo. Todo ello podr\u00eda lastrar el crecimiento del PIB por debajo del 2% y poner en riesgo la creaci\u00f3n de empleo en el conjunto de Espa\u00f1a. Tenemos, adem\u00e1s, exclusivamente la vista puesta en el 26J, fecha de las nuevas elecciones, cuando tres d\u00edas antes hay una llamada a las urnas en Gran Breta\u00f1a que puede ser decisiva para la Uni\u00f3n Europea, tanto en el plano pol\u00edtico como en el econ\u00f3mico. Los sondeos muestran una opini\u00f3n p\u00fablica brit\u00e1nica muy dividida sobre su eventual salida de la UE y esa incertidumbre ya est\u00e1 provocando, internamente, un ralentizaci\u00f3n de su econom\u00eda en el sector servicios y, externamente, por ejemplo, un retraimiento de las compras inmobiliarias de los brit\u00e1nicos en toda la costa mediterr\u00e1nea. Las consecuencias pol\u00edticas y econ\u00f3micas de un respaldo al \u2018Brexit\u2019, cuando todav\u00eda sigue sin resolverse el problema de la deuda griega, ser\u00edan importantes a corto y medio plazo para toda la Eurozona. Por de pronto, la Uni\u00f3n Europea perder\u00eda la contribuci\u00f3n neta del Reino Unido a su presupuesto, la segunda m\u00e1s alta de todas con 9.800 millones de euros en la hucha com\u00fan. Si a todos esos  factores nacionales y europeos sumamos la prolongada desaceleraci\u00f3n de la econom\u00eda china, aparece ante nuestros ojos un endiablado contexto geopol\u00edtico plagado de riesgos e incertidumbres.<\/p>\n<p>\u00bfQu\u00e9 deber\u00edan hacer los pol\u00edticos de una peque\u00f1a regi\u00f3n europea en esta situaci\u00f3n? Visto que nadie est\u00e1 por la labor o en condiciones de alcanzar consensos, mientras no se despeje la incertidumbre electoral, lo sensato es no quedarse a la expectativa y actuar. Unos, asumiendo su responsabilidad de gobernar, y otros, controlando al Ejecutivo y planteando alternativas, aunque ninguna de las partes deber\u00eda tener la vista puesta en la cita electoral de junio. Si se act\u00faa en lo local sin pensar en lo global, el batacazo para todos est\u00e1 asegurado. La Regi\u00f3n es peque\u00f1a y tiene autonom\u00eda pol\u00edtica, pero no es una isla. Es, como dec\u00eda, otro peque\u00f1o y fr\u00e1gil \u00e1rbol de un gigantesco bosque donde est\u00e1n pasando cosas y otras inciertas se avecinan.<\/p>\n","protected":false},"excerpt":{"rendered":"<p>Viendo que nadie est\u00e1 por la labor o en condiciones de alcanzar consensos, por la inminente cita electoral, lo sensato es no quedarse a la expectativa y actuar para aprovechar un viento econ\u00f3mico favorable que empieza a debilitarse Pedro Antonio S\u00e1nchez asegur\u00f3 el jueves en la Asamblea que el PIB regional podr\u00eda volver a cotas [&hellip;]<\/p>\n","protected":false},"author":11,"featured_media":0,"comment_status":"closed","ping_status":"open","sticky":false,"template":"","format":"standard","meta":[],"categories":[3],"tags":[],"_links":{"self":[{"href":"https:\/\/blogs.laverdad.es\/primeraplana\/wp-json\/wp\/v2\/posts\/922"}],"collection":[{"href":"https:\/\/blogs.laverdad.es\/primeraplana\/wp-json\/wp\/v2\/posts"}],"about":[{"href":"https:\/\/blogs.laverdad.es\/primeraplana\/wp-json\/wp\/v2\/types\/post"}],"author":[{"embeddable":true,"href":"https:\/\/blogs.laverdad.es\/primeraplana\/wp-json\/wp\/v2\/users\/11"}],"replies":[{"embeddable":true,"href":"https:\/\/blogs.laverdad.es\/primeraplana\/wp-json\/wp\/v2\/comments?post=922"}],"version-history":[{"count":0,"href":"https:\/\/blogs.laverdad.es\/primeraplana\/wp-json\/wp\/v2\/posts\/922\/revisions"}],"wp:attachment":[{"href":"https:\/\/blogs.laverdad.es\/primeraplana\/wp-json\/wp\/v2\/media?parent=922"}],"wp:term":[{"taxonomy":"category","embeddable":true,"href":"https:\/\/blogs.laverdad.es\/primeraplana\/wp-json\/wp\/v2\/categories?post=922"},{"taxonomy":"post_tag","embeddable":true,"href":"https:\/\/blogs.laverdad.es\/primeraplana\/wp-json\/wp\/v2\/tags?post=922"}],"curies":[{"name":"wp","href":"https:\/\/api.w.org\/{rel}","templated":true}]}}