{"id":927,"date":"2016-05-18T08:22:23","date_gmt":"2016-05-18T06:22:23","guid":{"rendered":"http:\/\/blogs.laverdad.es\/primeraplana\/?p=927"},"modified":"2016-05-18T08:22:23","modified_gmt":"2016-05-18T06:22:23","slug":"la-politica-esta-que-arde","status":"publish","type":"post","link":"https:\/\/blogs.laverdad.es\/primeraplana\/2016\/05\/18\/la-politica-esta-que-arde\/","title":{"rendered":"La pol\u00edtica est\u00e1 que arde"},"content":{"rendered":"<p>La renuncia del veterano Andr\u00e9s Ayala, conocida el d\u00eda en que se cerraban las listas del PP, sorprendi\u00f3 a propios y extra\u00f1os en Murcia. La comunic\u00f3 con una nota personal y provoc\u00f3 horas despu\u00e9s una minicrisis de Gobierno, dado que la soluci\u00f3n improvisada por Pedro A. S\u00e1nchez implica la marcha de su consejero de Fomento, Francisco Bernab\u00e9, como n\u00famero 2 al Congreso. Lo de ayer fue un aut\u00e9ntico caos de comunicaci\u00f3n pol\u00edtica. Lo extra\u00f1o es que en Madrid cuentan que Ayala adelant\u00f3 la semana pasada su decisi\u00f3n a G\u00e9nova y vinculan su adi\u00f3s a una mancha que se extiende: la fuga de diputados que compaginaban, en r\u00e9gimen de compatibilidad, la pol\u00edtica con actividades profesionales. Es el caso tambi\u00e9n de los n\u00fameros 1 del PP por M\u00e1laga y Baleares, que han dado la espantada. Hasta diciembre hab\u00eda codazos para ir al Congreso, pero, visto lo visto estos meses en el Hemiciclo, ya no son pocos los que deciden tomar las de Villadiego para no arder en la pira de la \u2018nueva pol\u00edtica\u2019.<\/p>\n","protected":false},"excerpt":{"rendered":"<p>La renuncia del veterano Andr\u00e9s Ayala, conocida el d\u00eda en que se cerraban las listas del PP, sorprendi\u00f3 a propios y extra\u00f1os en Murcia. La comunic\u00f3 con una nota personal y provoc\u00f3 horas despu\u00e9s una minicrisis de Gobierno, dado que la soluci\u00f3n improvisada por Pedro A. S\u00e1nchez implica la marcha de su consejero de Fomento, [&hellip;]<\/p>\n","protected":false},"author":11,"featured_media":0,"comment_status":"closed","ping_status":"open","sticky":false,"template":"","format":"standard","meta":[],"categories":[36],"tags":[],"_links":{"self":[{"href":"https:\/\/blogs.laverdad.es\/primeraplana\/wp-json\/wp\/v2\/posts\/927"}],"collection":[{"href":"https:\/\/blogs.laverdad.es\/primeraplana\/wp-json\/wp\/v2\/posts"}],"about":[{"href":"https:\/\/blogs.laverdad.es\/primeraplana\/wp-json\/wp\/v2\/types\/post"}],"author":[{"embeddable":true,"href":"https:\/\/blogs.laverdad.es\/primeraplana\/wp-json\/wp\/v2\/users\/11"}],"replies":[{"embeddable":true,"href":"https:\/\/blogs.laverdad.es\/primeraplana\/wp-json\/wp\/v2\/comments?post=927"}],"version-history":[{"count":0,"href":"https:\/\/blogs.laverdad.es\/primeraplana\/wp-json\/wp\/v2\/posts\/927\/revisions"}],"wp:attachment":[{"href":"https:\/\/blogs.laverdad.es\/primeraplana\/wp-json\/wp\/v2\/media?parent=927"}],"wp:term":[{"taxonomy":"category","embeddable":true,"href":"https:\/\/blogs.laverdad.es\/primeraplana\/wp-json\/wp\/v2\/categories?post=927"},{"taxonomy":"post_tag","embeddable":true,"href":"https:\/\/blogs.laverdad.es\/primeraplana\/wp-json\/wp\/v2\/tags?post=927"}],"curies":[{"name":"wp","href":"https:\/\/api.w.org\/{rel}","templated":true}]}}