{"id":930,"date":"2016-05-20T09:46:14","date_gmt":"2016-05-20T07:46:14","guid":{"rendered":"http:\/\/blogs.laverdad.es\/primeraplana\/?p=930"},"modified":"2016-05-20T09:46:14","modified_gmt":"2016-05-20T07:46:14","slug":"a-lo-cubano","status":"publish","type":"post","link":"https:\/\/blogs.laverdad.es\/primeraplana\/2016\/05\/20\/a-lo-cubano\/","title":{"rendered":"A lo cubano"},"content":{"rendered":"<p>La guayabera del Caribe es prenda de etiqueta en muchos pa\u00edses, pero el Rey Juan Carlos, que se la puso por primera vez en la Cumbre Iberoamericana de 2002, no logr\u00f3 convencer al expresidente Jos\u00e9 Mar\u00eda Aznar, que a la postre, qui\u00e9n si no, fue el \u00fanico mandatario con americana en Punta Cana. Me viene a la memoria al comprobar que PAS, nuestro presidente regional, transita de despacho en despacho por La Habana con traje y corbata, lo que resulta tan extra\u00f1o como ver a una pareja sin cr\u00edos de atracci\u00f3n en atracci\u00f3n en Disneyland Par\u00eds. Pero si llega a acuerdos econ\u00f3micos beneficiosos para la Regi\u00f3n, bienvenidos sean. Cuba est\u00e1 lejos de ser un para\u00edso de las libertades p\u00fablicas, pero hay una apertura econ\u00f3mica en ciernes que la Regi\u00f3n puede aprovechar si genera confianza y cercan\u00eda. Mejor entonces, presidente, a guayabera abierta, a lo cubano.<\/p>\n","protected":false},"excerpt":{"rendered":"<p>La guayabera del Caribe es prenda de etiqueta en muchos pa\u00edses, pero el Rey Juan Carlos, que se la puso por primera vez en la Cumbre Iberoamericana de 2002, no logr\u00f3 convencer al expresidente Jos\u00e9 Mar\u00eda Aznar, que a la postre, qui\u00e9n si no, fue el \u00fanico mandatario con americana en Punta Cana. Me viene [&hellip;]<\/p>\n","protected":false},"author":11,"featured_media":0,"comment_status":"closed","ping_status":"open","sticky":false,"template":"","format":"standard","meta":[],"categories":[36],"tags":[],"_links":{"self":[{"href":"https:\/\/blogs.laverdad.es\/primeraplana\/wp-json\/wp\/v2\/posts\/930"}],"collection":[{"href":"https:\/\/blogs.laverdad.es\/primeraplana\/wp-json\/wp\/v2\/posts"}],"about":[{"href":"https:\/\/blogs.laverdad.es\/primeraplana\/wp-json\/wp\/v2\/types\/post"}],"author":[{"embeddable":true,"href":"https:\/\/blogs.laverdad.es\/primeraplana\/wp-json\/wp\/v2\/users\/11"}],"replies":[{"embeddable":true,"href":"https:\/\/blogs.laverdad.es\/primeraplana\/wp-json\/wp\/v2\/comments?post=930"}],"version-history":[{"count":0,"href":"https:\/\/blogs.laverdad.es\/primeraplana\/wp-json\/wp\/v2\/posts\/930\/revisions"}],"wp:attachment":[{"href":"https:\/\/blogs.laverdad.es\/primeraplana\/wp-json\/wp\/v2\/media?parent=930"}],"wp:term":[{"taxonomy":"category","embeddable":true,"href":"https:\/\/blogs.laverdad.es\/primeraplana\/wp-json\/wp\/v2\/categories?post=930"},{"taxonomy":"post_tag","embeddable":true,"href":"https:\/\/blogs.laverdad.es\/primeraplana\/wp-json\/wp\/v2\/tags?post=930"}],"curies":[{"name":"wp","href":"https:\/\/api.w.org\/{rel}","templated":true}]}}