{"id":932,"date":"2016-05-24T07:56:07","date_gmt":"2016-05-24T05:56:07","guid":{"rendered":"http:\/\/blogs.laverdad.es\/primeraplana\/?p=932"},"modified":"2016-05-24T07:56:07","modified_gmt":"2016-05-24T05:56:07","slug":"volando-va","status":"publish","type":"post","link":"https:\/\/blogs.laverdad.es\/primeraplana\/2016\/05\/24\/volando-va\/","title":{"rendered":"Volando va"},"content":{"rendered":"<p>8de julio de 2008. Martes laborable. El alcalde de Murcia, Miguel \u00c1ngel C\u00e1mara, junto a Antonio S\u00e1nchez Carrillo y Roque Ortiz, embarcan con sus esposas en el jet del constructor Ram\u00f3n Salvador \u00c1gueda con destino a Estambul, donde esperan una limusina y cuatro d\u00edas de asueto. El viaje se produce dos meses antes de que el Pleno apruebe un plan parcial del que sale beneficiado ese promotor, el mismo que invit\u00f3 a su lujoso yate al concejal Fernando Berberena en 2004. La Fiscal\u00eda tiene acreditado el pasaje y quiere saber si C\u00e1mara pag\u00f3 su billete y su estancia en Turqu\u00eda por si hubo cohecho. Imaginemos que, aunque el primer edil no sacaba dinero en efectivo del banco, abon\u00f3 su parte. Y que incluso lo puede probar. Dando por cierto todo eso, \u00bfqu\u00e9 demonios hac\u00eda el alcalde viajando a Estambul en el avi\u00f3n privado de un constructor con intereses en Murcia?<\/p>\n","protected":false},"excerpt":{"rendered":"<p>8de julio de 2008. Martes laborable. El alcalde de Murcia, Miguel \u00c1ngel C\u00e1mara, junto a Antonio S\u00e1nchez Carrillo y Roque Ortiz, embarcan con sus esposas en el jet del constructor Ram\u00f3n Salvador \u00c1gueda con destino a Estambul, donde esperan una limusina y cuatro d\u00edas de asueto. El viaje se produce dos meses antes de que [&hellip;]<\/p>\n","protected":false},"author":11,"featured_media":0,"comment_status":"closed","ping_status":"open","sticky":false,"template":"","format":"standard","meta":[],"categories":[36],"tags":[],"_links":{"self":[{"href":"https:\/\/blogs.laverdad.es\/primeraplana\/wp-json\/wp\/v2\/posts\/932"}],"collection":[{"href":"https:\/\/blogs.laverdad.es\/primeraplana\/wp-json\/wp\/v2\/posts"}],"about":[{"href":"https:\/\/blogs.laverdad.es\/primeraplana\/wp-json\/wp\/v2\/types\/post"}],"author":[{"embeddable":true,"href":"https:\/\/blogs.laverdad.es\/primeraplana\/wp-json\/wp\/v2\/users\/11"}],"replies":[{"embeddable":true,"href":"https:\/\/blogs.laverdad.es\/primeraplana\/wp-json\/wp\/v2\/comments?post=932"}],"version-history":[{"count":0,"href":"https:\/\/blogs.laverdad.es\/primeraplana\/wp-json\/wp\/v2\/posts\/932\/revisions"}],"wp:attachment":[{"href":"https:\/\/blogs.laverdad.es\/primeraplana\/wp-json\/wp\/v2\/media?parent=932"}],"wp:term":[{"taxonomy":"category","embeddable":true,"href":"https:\/\/blogs.laverdad.es\/primeraplana\/wp-json\/wp\/v2\/categories?post=932"},{"taxonomy":"post_tag","embeddable":true,"href":"https:\/\/blogs.laverdad.es\/primeraplana\/wp-json\/wp\/v2\/tags?post=932"}],"curies":[{"name":"wp","href":"https:\/\/api.w.org\/{rel}","templated":true}]}}