{"id":933,"date":"2016-05-26T08:28:27","date_gmt":"2016-05-26T06:28:27","guid":{"rendered":"http:\/\/blogs.laverdad.es\/primeraplana\/?p=933"},"modified":"2016-05-26T08:28:27","modified_gmt":"2016-05-26T06:28:27","slug":"el-tercer-secreto","status":"publish","type":"post","link":"https:\/\/blogs.laverdad.es\/primeraplana\/2016\/05\/26\/el-tercer-secreto\/","title":{"rendered":"El tercer secreto"},"content":{"rendered":"<p>El abogado Arnaldos dijo ayer que los socios privados de la desaladora se la ofrecieron a la Comunidad por su precio de coste y aquello se celebr\u00f3 por la oposici\u00f3n como si fuera el tercer secreto de F\u00e1tima. Es evidente que los diputados no saben que el Gobierno estudi\u00f3 la oferta en 2014 y dise\u00f1\u00f3 una operaci\u00f3n, a la postre frustrada, para comprarla y luego venderla a una gran empresa dedicada al abastecimiento de agua. Lo interesante estuvo en la confirmaci\u00f3n del despacho Ari\u00f1os y Villar de que solo estudiaron la legalidad de los contratos a la carta que le vinieron ya dados por un Gobierno regional con muchas prisas. Porque la intervenci\u00f3n del abogado De Ram\u00f3n fue explosiva, pero no aport\u00f3 nada sustancial a lo que expone en la denuncia judicial de su cliente, el promotor pontevedr\u00e9s N\u00fa\u00f1ez Arias. Pero eso tampoco parece saberlo el diputado del PP (\u00bfqui\u00e9n lo eligi\u00f3 para la comisi\u00f3n?), que sali\u00f3 huyendo cuando se cit\u00f3 a Valc\u00e1rcel. Entre sus se\u00f1or\u00edas solo sobresali\u00f3, de nuevo, Antonio Urbina.<\/p>\n","protected":false},"excerpt":{"rendered":"<p>El abogado Arnaldos dijo ayer que los socios privados de la desaladora se la ofrecieron a la Comunidad por su precio de coste y aquello se celebr\u00f3 por la oposici\u00f3n como si fuera el tercer secreto de F\u00e1tima. Es evidente que los diputados no saben que el Gobierno estudi\u00f3 la oferta en 2014 y dise\u00f1\u00f3 [&hellip;]<\/p>\n","protected":false},"author":11,"featured_media":0,"comment_status":"closed","ping_status":"open","sticky":false,"template":"","format":"standard","meta":[],"categories":[36],"tags":[],"_links":{"self":[{"href":"https:\/\/blogs.laverdad.es\/primeraplana\/wp-json\/wp\/v2\/posts\/933"}],"collection":[{"href":"https:\/\/blogs.laverdad.es\/primeraplana\/wp-json\/wp\/v2\/posts"}],"about":[{"href":"https:\/\/blogs.laverdad.es\/primeraplana\/wp-json\/wp\/v2\/types\/post"}],"author":[{"embeddable":true,"href":"https:\/\/blogs.laverdad.es\/primeraplana\/wp-json\/wp\/v2\/users\/11"}],"replies":[{"embeddable":true,"href":"https:\/\/blogs.laverdad.es\/primeraplana\/wp-json\/wp\/v2\/comments?post=933"}],"version-history":[{"count":0,"href":"https:\/\/blogs.laverdad.es\/primeraplana\/wp-json\/wp\/v2\/posts\/933\/revisions"}],"wp:attachment":[{"href":"https:\/\/blogs.laverdad.es\/primeraplana\/wp-json\/wp\/v2\/media?parent=933"}],"wp:term":[{"taxonomy":"category","embeddable":true,"href":"https:\/\/blogs.laverdad.es\/primeraplana\/wp-json\/wp\/v2\/categories?post=933"},{"taxonomy":"post_tag","embeddable":true,"href":"https:\/\/blogs.laverdad.es\/primeraplana\/wp-json\/wp\/v2\/tags?post=933"}],"curies":[{"name":"wp","href":"https:\/\/api.w.org\/{rel}","templated":true}]}}