{"id":935,"date":"2016-05-29T07:58:12","date_gmt":"2016-05-29T05:58:12","guid":{"rendered":"http:\/\/blogs.laverdad.es\/primeraplana\/?p=935"},"modified":"2016-05-29T07:58:12","modified_gmt":"2016-05-29T05:58:12","slug":"blablajet","status":"publish","type":"post","link":"https:\/\/blogs.laverdad.es\/primeraplana\/2016\/05\/29\/blablajet\/","title":{"rendered":"BlaBlaJet"},"content":{"rendered":"<p><strong>Lo peor de la escapada a Estambul es la reacci\u00f3n de quienes en 2008 dejaron sus obligaciones p\u00fablicas y la dignidad institucional al pie de la escalerilla del \u2018jet\u2019 privado para viajar con un constructor implicado en casos de corrupci\u00f3n<\/strong><\/p>\n<p>Las democracias modernas se sustentan sobre dos pilares inquebrantables. El cumplimiento de la ley y el respeto por la vida privada, entendido, en palabras del fil\u00f3sofo Javier Gom\u00e1, como el derecho de cada ciudadano a elegir el estilo de vida que prefiera sin interferencias ni tutelas p\u00fablicas. Pero cuando una persona decide asumir un cargo p\u00fablico ni siquiera es suficiente con el cumplimiento de la ley. Dar ese paso voluntario no implica la renuncia al derecho a la intimidad, pero comporta la aceptaci\u00f3n de un plus de exigencia \u00e9tica. Tanto en el plano p\u00fablico como en el privado, que dejan de estar disociados porque a partir de ese momento est\u00e1 en juego la dignidad y el buen nombre de la instituci\u00f3n a la que se representa y queda formalizado un contrato de confianza con la ciudadan\u00eda. Esa ejemplaridad no solo es exigible a los pol\u00edticos electos sino tambi\u00e9n a quienes ocupan cargos representativos en empresas, organizaciones sociales y todo tipo de instituciones con proyecci\u00f3n p\u00fablica. Y de igual manera que el incumplimiento de la ley tiene su reproche penal, los conductas contrarias a la \u00e9tica c\u00edvica se enfrentan a la reprobaci\u00f3n social. Esos comportamientos censurables van cambiando con los usos y costumbres y en funci\u00f3n del entorno socioecon\u00f3mico y pol\u00edtico. Hoy el list\u00f3n est\u00e1 mal alto que nunca, pero eso no es excusa para conductas que han sido rechazables a lo largo de toda nuestra historia democr\u00e1tica.<\/p>\n<p>El viaje de placer a Estambul en el \u2018jet\u2019 privado de un promotor del exalcalde de Murcia, su exteniente de alcalde y el gerente de Urbamusa, con sus respectivas esposas, es completamente inapropiado, por decir lo m\u00e1s suave que se me ocurre. Lo mismo da que fuese en 2008 como hace una semana. Independientemente del medio de locomoci\u00f3n, el destino o quien pagase las facturas, entonces como ahora es injustificable que el alcalde de Murcia deje sus obligaciones para largarse de martes a viernes de ocio con un constructor con intereses en el desarrollo urban\u00edstico del municipio. Abochorna a quienes votan al PP y a quienes gritan \u2018No nos representan\u2019 en las calles. El asunto es grave porque el fiscal ha pedido al juez que investigue si C\u00e1mara, S\u00e1nchez Carrillo y Roque Ortiz pagaron sus pasajes, el hotel, la limusina y otros gastos de su estancia en Turqu\u00eda, ya que de no ser as\u00ed estar\u00edamos ante un presunto cohecho. Ya es raro que el adinerado empresario ofrezca viajar en su \u2018jet\u2019 a tan distinguidos representantes p\u00fablicos y luego les clave 15.000 euros por pareja por subirse al avi\u00f3n. Sobre todo si lo que pretend\u00eda era pasar unos d\u00edas de ocio en agradable compa\u00f1\u00eda con quienes tendr\u00eda inter\u00e9s en llevarse bien. Pero supongamos que es cierta la posibilidad m\u00e1s inveros\u00edmil y pagaron esa peque\u00f1a fortuna, como dicen, solo para darse ese gustazo, tan paleto, de viajar a tutipl\u00e9n en \u2018jet\u2019 privado. Una especie de BlaBlaJet sufragado a escote donde lo \u00fanico que compartieron el constructor y sus acompa\u00f1antes fue el deseo de viajar a Estambul como ricachones. Esa hip\u00f3tesis benevolente incluye al frugal exalcalde, aunque solo sacar\u00e1 cinco mil y pico euros del cajero y no realizara transferencias en todo 2008, seg\u00fan Hacienda. <\/p>\n<p>Si a petici\u00f3n del juez aportan las facturas que acrediten esas pagos, la v\u00eda penal podr\u00eda decaer, pero eso no redimir\u00e1 de la ausencia de decoro demostrada con un viaje privado en compa\u00f1\u00eda del promotor del convenio del Teatro Circo y otros proyectos. El mismo empresario que ya en un \u2018finde\u2019 de 2004 invit\u00f3 a su despampanante yate al exconcejal de Urbanismo, Fernando Berberena, al jefe de planeamiento Joaqu\u00edn Pe\u00f1alver y a un intermediario implicado en el caso \u2018Umbra\u2019. El historial de este promotor, Ram\u00f3n Salvador \u00c1gueda, es esplendoroso. El llamado \u2018rey del ladrillo de Elche\u2019 aparece como investigado en el caso \u2018Umbra\u2019, en el sumario judicial del PGOU de Alicante y en el del saqueo del Banco de Valencia. En todos esos casos de presunta corrupci\u00f3n, \u00c1gueda figura en connivencia con otros empresarios y pol\u00edticos para supuestamente sacar provecho econ\u00f3mico de actuaciones p\u00fablicas.<\/p>\n<p>Pero lo peor de todo, una vez conocida la escapada a Estambul, es la reacci\u00f3n de quienes en 2008 se dejaron la dignidad institucional al pie de la escalerilla para subirse en ese avi\u00f3n. Cuando se descubri\u00f3 en 2012 que el Rey hab\u00eda aparcado su agenda de trabajo y se hab\u00eda desplazado a Botsuana en viaje privado para cazar elefantes, la mueca de desaprobaci\u00f3n fue generalizada. Quien garantiz\u00f3 el \u00e9xito de la Transici\u00f3n, nos salv\u00f3 del golpe del 23F y jug\u00f3 un papel decisivo en el periodo democr\u00e1tico m\u00e1s largo de nuestra historia, tuvo la humildad de dirigirse de frente a los ciudadanos y pedir disculpas. \u00abLo siento mucho, me equivoqu\u00e9 y no volver\u00e1 a ocurrir\u00bb, dijo Don Juan Carlos para corregir su falta de ejemplaridad.<\/p>\n<p>Pero aqu\u00ed, quien ha legado un manto de sospecha sobre toda la gesti\u00f3n urban\u00edstica  realizada en Murcia durante quince a\u00f1os, con un reguero de sumarios abiertos por corrupci\u00f3n, ha optado por el silencio, parapet\u00e1ndose tras sus abogados. No menos chocante ha sido la respuesta del actual edil de Fomento, Roque Ortiz, entonces gerente de la empresa p\u00fablica que planifica el desarrollo urban\u00edstico de la ciudad. Ortiz ha sido incapaz de explicar qu\u00e9 hac\u00eda en ese vuelo con un constructor al que solo conoc\u00eda de \u00abrelaciones espont\u00e1neas\u00bb, de lo que cabr\u00eda deducir que estaba all\u00ed en su condici\u00f3n de gerente de Urbamusa. Lo menos que pod\u00eda hacer la oposici\u00f3n, a quien Ortiz acusa de respirar veneno en un rapto de indignaci\u00f3n por las \u00abhabladur\u00edas\u00bb, era solicitarle explicaciones de los posibles v\u00ednculos de Urbamusa con los negocios de \u00c1gueda. Y presentar este asunto como un ataque a la privacidad es simplemente el colmo de tan vergonzante episodio. Un acto inapropiado no invalida toda una trayectoria sin tacha, pero su cr\u00e9dito como responsable p\u00fablico est\u00e1 bajo m\u00ednimos, afectando por extensi\u00f3n a quien le nombr\u00f3 edil. Si no vale el ejemplo del Rey, seguro que Jos\u00e9 Ballesta, que es hombre le\u00eddo, tiene una cita de Gom\u00e1 u otro intelectual para que Ortiz acabe de entender de qu\u00e9 va todo esto.<\/p>\n","protected":false},"excerpt":{"rendered":"<p>Lo peor de la escapada a Estambul es la reacci\u00f3n de quienes en 2008 dejaron sus obligaciones p\u00fablicas y la dignidad institucional al pie de la escalerilla del \u2018jet\u2019 privado para viajar con un constructor implicado en casos de corrupci\u00f3n Las democracias modernas se sustentan sobre dos pilares inquebrantables. El cumplimiento de la ley y [&hellip;]<\/p>\n","protected":false},"author":11,"featured_media":0,"comment_status":"closed","ping_status":"open","sticky":false,"template":"","format":"standard","meta":[],"categories":[3],"tags":[],"_links":{"self":[{"href":"https:\/\/blogs.laverdad.es\/primeraplana\/wp-json\/wp\/v2\/posts\/935"}],"collection":[{"href":"https:\/\/blogs.laverdad.es\/primeraplana\/wp-json\/wp\/v2\/posts"}],"about":[{"href":"https:\/\/blogs.laverdad.es\/primeraplana\/wp-json\/wp\/v2\/types\/post"}],"author":[{"embeddable":true,"href":"https:\/\/blogs.laverdad.es\/primeraplana\/wp-json\/wp\/v2\/users\/11"}],"replies":[{"embeddable":true,"href":"https:\/\/blogs.laverdad.es\/primeraplana\/wp-json\/wp\/v2\/comments?post=935"}],"version-history":[{"count":0,"href":"https:\/\/blogs.laverdad.es\/primeraplana\/wp-json\/wp\/v2\/posts\/935\/revisions"}],"wp:attachment":[{"href":"https:\/\/blogs.laverdad.es\/primeraplana\/wp-json\/wp\/v2\/media?parent=935"}],"wp:term":[{"taxonomy":"category","embeddable":true,"href":"https:\/\/blogs.laverdad.es\/primeraplana\/wp-json\/wp\/v2\/categories?post=935"},{"taxonomy":"post_tag","embeddable":true,"href":"https:\/\/blogs.laverdad.es\/primeraplana\/wp-json\/wp\/v2\/tags?post=935"}],"curies":[{"name":"wp","href":"https:\/\/api.w.org\/{rel}","templated":true}]}}