{"id":937,"date":"2016-05-31T08:30:08","date_gmt":"2016-05-31T06:30:08","guid":{"rendered":"http:\/\/blogs.laverdad.es\/primeraplana\/?p=937"},"modified":"2016-05-31T08:30:08","modified_gmt":"2016-05-31T06:30:08","slug":"incognitas","status":"publish","type":"post","link":"https:\/\/blogs.laverdad.es\/primeraplana\/2016\/05\/31\/incognitas\/","title":{"rendered":"Inc\u00f3gnitas"},"content":{"rendered":"<p>El informe de la Guardia Civil sobre Pedro Antonio S\u00e1nchez est\u00e1 bajo secreto, aunque recoge informaci\u00f3n ya conocida de pinchazos telef\u00f3nicos: el entonces consejero se vio en el Hotel Las Letras de Madrid con el \u2018cerebro\u2019 de la trama, Alejandro de Pedro, y este coment\u00f3 a un colaborador, un d\u00eda despu\u00e9s, que el asunto de su reputaci\u00f3n \u2018online\u2019 estaba cerrado y que hab\u00eda que empezar a facturar un mes despu\u00e9s. S\u00e1nchez asegura que rechaz\u00f3 la oferta y acredit\u00f3 ayer que la Consejer\u00eda de Educaci\u00f3n no pag\u00f3 nada a las empresas de \u2018P\u00fanica\u2019. La exdirectora del Info tampoco firm\u00f3 ning\u00fan papel y, sin embargo, el juez la imput\u00f3 por entender que el presunto delito se habr\u00eda consumado con su mero planeamiento y por los indicios de que se iban a utilizar fondos p\u00fablicos. La cuesti\u00f3n es si hay algo m\u00e1s en el informe de la UCO sobre S\u00e1nchez que todav\u00eda no se conoce. Pronto se sabr\u00e1.<\/p>\n","protected":false},"excerpt":{"rendered":"<p>El informe de la Guardia Civil sobre Pedro Antonio S\u00e1nchez est\u00e1 bajo secreto, aunque recoge informaci\u00f3n ya conocida de pinchazos telef\u00f3nicos: el entonces consejero se vio en el Hotel Las Letras de Madrid con el \u2018cerebro\u2019 de la trama, Alejandro de Pedro, y este coment\u00f3 a un colaborador, un d\u00eda despu\u00e9s, que el asunto de [&hellip;]<\/p>\n","protected":false},"author":11,"featured_media":0,"comment_status":"closed","ping_status":"open","sticky":false,"template":"","format":"standard","meta":[],"categories":[36],"tags":[],"_links":{"self":[{"href":"https:\/\/blogs.laverdad.es\/primeraplana\/wp-json\/wp\/v2\/posts\/937"}],"collection":[{"href":"https:\/\/blogs.laverdad.es\/primeraplana\/wp-json\/wp\/v2\/posts"}],"about":[{"href":"https:\/\/blogs.laverdad.es\/primeraplana\/wp-json\/wp\/v2\/types\/post"}],"author":[{"embeddable":true,"href":"https:\/\/blogs.laverdad.es\/primeraplana\/wp-json\/wp\/v2\/users\/11"}],"replies":[{"embeddable":true,"href":"https:\/\/blogs.laverdad.es\/primeraplana\/wp-json\/wp\/v2\/comments?post=937"}],"version-history":[{"count":0,"href":"https:\/\/blogs.laverdad.es\/primeraplana\/wp-json\/wp\/v2\/posts\/937\/revisions"}],"wp:attachment":[{"href":"https:\/\/blogs.laverdad.es\/primeraplana\/wp-json\/wp\/v2\/media?parent=937"}],"wp:term":[{"taxonomy":"category","embeddable":true,"href":"https:\/\/blogs.laverdad.es\/primeraplana\/wp-json\/wp\/v2\/categories?post=937"},{"taxonomy":"post_tag","embeddable":true,"href":"https:\/\/blogs.laverdad.es\/primeraplana\/wp-json\/wp\/v2\/tags?post=937"}],"curies":[{"name":"wp","href":"https:\/\/api.w.org\/{rel}","templated":true}]}}