{"id":938,"date":"2016-06-04T09:38:46","date_gmt":"2016-06-04T07:38:46","guid":{"rendered":"http:\/\/blogs.laverdad.es\/primeraplana\/?p=938"},"modified":"2016-06-04T09:38:46","modified_gmt":"2016-06-04T07:38:46","slug":"asi-no-ministro","status":"publish","type":"post","link":"https:\/\/blogs.laverdad.es\/primeraplana\/2016\/06\/04\/asi-no-ministro\/","title":{"rendered":"As\u00ed no, ministro"},"content":{"rendered":"<p>Defender la presunci\u00f3n de inocencia es defender un principio b\u00e1sico del estado de derecho, pero hacerlo a costa de la imagen de la Guardia Civil, por puro inter\u00e9s electoral, es reprobable, sobre todo si quien lo hace es ministro del Interior, aunque est\u00e9 en funciones. El cabeza de lista del PP por Barcelona, Jorge Fern\u00e1ndez D\u00edaz, volcado ya con el 26J, afirma que el informe de la \u2018P\u00fanica\u2019 relativo a Pedro Antonio S\u00e1nchez est\u00e1 plagado de \u00abpresuntos, eventuales y posibles\u00bb, anticip\u00e1ndose a lo que debe determinar un juez, en un intento de desvirtuarlo refiriendo cautelas que son inherentes a toda pesquisa policial. Para colmo, pide investigar un presunto delito de revelaci\u00f3n de secretos por la difusi\u00f3n del informe sin advertir que el juez levant\u00f3 el secreto del sumario el 13 de mayo. Hay muchas formas de defender la presunci\u00f3n de inocencia sin necesidad de dar palos de ciego contra la UCO, el juez y los medios.<\/p>\n","protected":false},"excerpt":{"rendered":"<p>Defender la presunci\u00f3n de inocencia es defender un principio b\u00e1sico del estado de derecho, pero hacerlo a costa de la imagen de la Guardia Civil, por puro inter\u00e9s electoral, es reprobable, sobre todo si quien lo hace es ministro del Interior, aunque est\u00e9 en funciones. El cabeza de lista del PP por Barcelona, Jorge Fern\u00e1ndez [&hellip;]<\/p>\n","protected":false},"author":11,"featured_media":0,"comment_status":"closed","ping_status":"open","sticky":false,"template":"","format":"standard","meta":[],"categories":[36],"tags":[],"_links":{"self":[{"href":"https:\/\/blogs.laverdad.es\/primeraplana\/wp-json\/wp\/v2\/posts\/938"}],"collection":[{"href":"https:\/\/blogs.laverdad.es\/primeraplana\/wp-json\/wp\/v2\/posts"}],"about":[{"href":"https:\/\/blogs.laverdad.es\/primeraplana\/wp-json\/wp\/v2\/types\/post"}],"author":[{"embeddable":true,"href":"https:\/\/blogs.laverdad.es\/primeraplana\/wp-json\/wp\/v2\/users\/11"}],"replies":[{"embeddable":true,"href":"https:\/\/blogs.laverdad.es\/primeraplana\/wp-json\/wp\/v2\/comments?post=938"}],"version-history":[{"count":0,"href":"https:\/\/blogs.laverdad.es\/primeraplana\/wp-json\/wp\/v2\/posts\/938\/revisions"}],"wp:attachment":[{"href":"https:\/\/blogs.laverdad.es\/primeraplana\/wp-json\/wp\/v2\/media?parent=938"}],"wp:term":[{"taxonomy":"category","embeddable":true,"href":"https:\/\/blogs.laverdad.es\/primeraplana\/wp-json\/wp\/v2\/categories?post=938"},{"taxonomy":"post_tag","embeddable":true,"href":"https:\/\/blogs.laverdad.es\/primeraplana\/wp-json\/wp\/v2\/tags?post=938"}],"curies":[{"name":"wp","href":"https:\/\/api.w.org\/{rel}","templated":true}]}}