{"id":939,"date":"2016-06-05T08:20:23","date_gmt":"2016-06-05T06:20:23","guid":{"rendered":"http:\/\/blogs.laverdad.es\/primeraplana\/?p=939"},"modified":"2016-06-05T08:20:23","modified_gmt":"2016-06-05T06:20:23","slug":"una-gran-region-pese-a-todo","status":"publish","type":"post","link":"https:\/\/blogs.laverdad.es\/primeraplana\/2016\/06\/05\/una-gran-region-pese-a-todo\/","title":{"rendered":"Una gran regi\u00f3n, pese a todo"},"content":{"rendered":"<p><strong>No faltan argumentos para sacar pecho, pero tan ocupados estamos en reclamar lo que nos  falta que olvidamos con facilidad preservar todo lo positivo que ya tenemos y nos distingue<\/strong><\/p>\n<p>Vivimos en una gran regi\u00f3n. A pesar de que somos noticia nacional peri\u00f3dicamente por presuntos casos de corrupci\u00f3n, a pesar de que la brecha de desigualdad se ha acrecentado con la crisis, a pesar de que la poblaci\u00f3n en riesgo de exclusi\u00f3n alcanza tasas lacerantes, a pesar de que el paro a\u00fan frisa cotas inasumibles, a pesar de que nos falta el agua que precisan nuestros cultivos, a pesar de que se nos castiga con una red ferroviaria del siglo XIX&#8230; A pesar de que nuestra regi\u00f3n es manifiestamente mejorable en muchos aspectos, no todo es agua estancada, que dir\u00eda Miguel de Unamuno. Todo lo contrario. Y es conveniente recordarlo porque los fracasos de algunos no deben da\u00f1ar la autoestima de todos.<\/p>\n<p>Goethe afirmaba que \u00abpara conocer a la gente hay que ir a su casa\u00bb. A la nuestra vienen menos visitantes de los que nos gustar\u00eda. Y como el sentimiento de pertenencia a Espa\u00f1a prevalece por encima de cualquier otro, tampoco somos muy dados a proyectarnos al exterior o a exhibir orgullo de pertenencia a la Regi\u00f3n. Estamos en el polo opuesto de los nacionalistas, excluyentes y expansivos. \u00abHaced vosotros las leyes, dejadme a m\u00ed cantar las baladas de la naci\u00f3n\u00bb, dec\u00eda un te\u00f3rico del nacionalismo vasco, como recuerda a menudo el historiador Fernando Garc\u00eda de Cort\u00e1zar. Puede que Murcia no saliera bien parada cuando se configur\u00f3 el Estado de las autonom\u00edas, por el desgajamiento de Albacete y por la deficiente negociaci\u00f3n de las competencias transferidas, pero no cabe decir que la Regi\u00f3n de Murcia es hoy una pura construcci\u00f3n jur\u00eddica vaciada de sentimiento. Que haya sido hist\u00f3ricamente territorio fronterizo y crisol de culturas nos ha blindado contra histrionismos identitarios, propiciando que las distintivas se\u00f1as de identidad se vivan y se sientan hoy con la naturalidad propia de una tierra de acogida. El factor identitario y cohesionador existe y podr\u00eda haber sido m\u00e1s acentuado si hubi\u00e9ramos cuidado como se merece nuestro patrimonio hist\u00f3rico, cultural y natural, o si hubi\u00e9ramos trabajado con m\u00e1s acierto la imagen que proyectamos al resto de Espa\u00f1a, aunque echar la vista atr\u00e1s solo conduce a la melancol\u00eda o al victimismo. Sin perder ese esp\u00edritu cr\u00edtico que es imprescindible para progresar, lo cierto es que no faltan motivos para sacar pecho.<\/p>\n<p>Somos la quinta regi\u00f3n m\u00e1s exportadora de Espa\u00f1a, la primera en el sector hortofrut\u00edcola. Se nos reconoce como los l\u00edderes nacionales en reutilizaci\u00f3n y depuraci\u00f3n de aguas residuales. Tambi\u00e9n como la capital europea de la econom\u00eda social y lideramos el crecimiento de mujeres aut\u00f3nomas. Nuestras piscifactor\u00edas de at\u00fan rojo son las mejores de Europa, somos los mayores productores de zumos de la UE y una de cada dos lechugas exportadas desde Espa\u00f1a se cultiva en la Regi\u00f3n. El hospital con mayor tasa de donaci\u00f3n de \u00f3rganos es La Arrixaca, un referente a nivel nacional en trasplantes hep\u00e1ticos y de m\u00e9dula. Cartagena es hoy el municipio con m\u00e1s banderas azules del pa\u00eds y no hay provincia espa\u00f1ola con m\u00e1s fiestas de inter\u00e9s tur\u00edstico internacional. Pocos nos ganan en solidaridad. La mejor muestra fue la respuesta social ante la tragedia de Lorca. Y en pocos lugares hay tanta sensibilidad con las enfermedades raras o con el problema de los desahucios. Escritores como Arturo P\u00e9rez-Reverte y Mar\u00eda Due\u00f1as dominan las listas de ventas, nuestros grupos de m\u00fasica rock arrasan en todo el pa\u00eds y el mejor atleta espa\u00f1ol de los \u00faltimos a\u00f1os se llama Miguel \u00c1ngel L\u00f3pez y es de Llano de Brujas.<\/p>\n<p>El D\u00eda de la Regi\u00f3n, que se celebra el pr\u00f3ximo jueves, deber\u00eda servir para fijarse retos, depurar lastres y hacer revisi\u00f3n de lo positivo, incluido aquello que podemos perder si no actuamos con cabeza y decisi\u00f3n. La situaci\u00f3n medioambiental del Mar Menor es un ejemplo paradigm\u00e1tico de indolencia administrativa. Desde hace tiempo estaban presentes las se\u00f1ales de alerta, pero no fue hasta que \u2018La Verdad\u2019 mostr\u00f3 recientemente en su p\u00e1gina digital la situaci\u00f3n creada en El Albuj\u00f3n cuando empez\u00f3 a buscarse una soluci\u00f3n urgente a un problema que amenaza a una laguna costera \u00fanica en el Mediterr\u00e1neo. Tan ocupados estamos en reclamar lo que nos falta que a veces olvidamos preservar todo lo positivo que ya tenemos y nos distingue.<\/p>\n","protected":false},"excerpt":{"rendered":"<p>No faltan argumentos para sacar pecho, pero tan ocupados estamos en reclamar lo que nos falta que olvidamos con facilidad preservar todo lo positivo que ya tenemos y nos distingue Vivimos en una gran regi\u00f3n. A pesar de que somos noticia nacional peri\u00f3dicamente por presuntos casos de corrupci\u00f3n, a pesar de que la brecha de [&hellip;]<\/p>\n","protected":false},"author":11,"featured_media":0,"comment_status":"closed","ping_status":"open","sticky":false,"template":"","format":"standard","meta":[],"categories":[3],"tags":[],"_links":{"self":[{"href":"https:\/\/blogs.laverdad.es\/primeraplana\/wp-json\/wp\/v2\/posts\/939"}],"collection":[{"href":"https:\/\/blogs.laverdad.es\/primeraplana\/wp-json\/wp\/v2\/posts"}],"about":[{"href":"https:\/\/blogs.laverdad.es\/primeraplana\/wp-json\/wp\/v2\/types\/post"}],"author":[{"embeddable":true,"href":"https:\/\/blogs.laverdad.es\/primeraplana\/wp-json\/wp\/v2\/users\/11"}],"replies":[{"embeddable":true,"href":"https:\/\/blogs.laverdad.es\/primeraplana\/wp-json\/wp\/v2\/comments?post=939"}],"version-history":[{"count":0,"href":"https:\/\/blogs.laverdad.es\/primeraplana\/wp-json\/wp\/v2\/posts\/939\/revisions"}],"wp:attachment":[{"href":"https:\/\/blogs.laverdad.es\/primeraplana\/wp-json\/wp\/v2\/media?parent=939"}],"wp:term":[{"taxonomy":"category","embeddable":true,"href":"https:\/\/blogs.laverdad.es\/primeraplana\/wp-json\/wp\/v2\/categories?post=939"},{"taxonomy":"post_tag","embeddable":true,"href":"https:\/\/blogs.laverdad.es\/primeraplana\/wp-json\/wp\/v2\/tags?post=939"}],"curies":[{"name":"wp","href":"https:\/\/api.w.org\/{rel}","templated":true}]}}