{"id":944,"date":"2016-06-10T12:30:19","date_gmt":"2016-06-10T10:30:19","guid":{"rendered":"http:\/\/blogs.laverdad.es\/primeraplana\/?p=944"},"modified":"2016-06-10T12:30:19","modified_gmt":"2016-06-10T10:30:19","slug":"sorpasso-institucional","status":"publish","type":"post","link":"https:\/\/blogs.laverdad.es\/primeraplana\/2016\/06\/10\/sorpasso-institucional\/","title":{"rendered":"&#039;Sorpasso&#039; institucional"},"content":{"rendered":"<p>A un acto institucional como el D\u00eda de la Regi\u00f3n no se le puede pedir grandes emociones, pero el de ayer, pese a sus buenas intenciones, volvi\u00f3 a pecar de plano, salvo por la intervenci\u00f3n del alcalde Ballesta, que le ech\u00f3 cuajo intelectual y emotividad, las breves pero intensas palabras de Pedro Cano, en nombre de los excelsos premiados, y un par de v\u00eddeos bien orientados y realizados para la ocasi\u00f3n. El presidente S\u00e1nchez, que en ocasiones parec\u00eda perdido y ausente en el mundo &#8216;teleprompter&#8217;, no tuvo su noche m\u00e1s brillante, mientras que la presidenta de la Asamblea, Rosa Pe\u00f1alver, se &#8216;sorpass\u00f3&#8217; con un discurso pol\u00edtico en defensa de la C\u00e1mara regional que son\u00f3 gratuito y fuera de lugar. Todo acab\u00f3 con la magn\u00edfica Orquesta Regional y Ruth Lorenzo cantando &#8216;Bailando bajo la lluvia&#8217; en el d\u00eda m\u00e1s t\u00f3rrido del a\u00f1o. Pese al calorazo, que super\u00f3 como &#8216;trending topic&#8217; en los corrillos a la encuesta del CIS, lo mejor estuvo en las calles. <\/p>\n","protected":false},"excerpt":{"rendered":"<p>A un acto institucional como el D\u00eda de la Regi\u00f3n no se le puede pedir grandes emociones, pero el de ayer, pese a sus buenas intenciones, volvi\u00f3 a pecar de plano, salvo por la intervenci\u00f3n del alcalde Ballesta, que le ech\u00f3 cuajo intelectual y emotividad, las breves pero intensas palabras de Pedro Cano, en nombre [&hellip;]<\/p>\n","protected":false},"author":11,"featured_media":0,"comment_status":"closed","ping_status":"open","sticky":false,"template":"","format":"standard","meta":[],"categories":[36],"tags":[200,63,64],"_links":{"self":[{"href":"https:\/\/blogs.laverdad.es\/primeraplana\/wp-json\/wp\/v2\/posts\/944"}],"collection":[{"href":"https:\/\/blogs.laverdad.es\/primeraplana\/wp-json\/wp\/v2\/posts"}],"about":[{"href":"https:\/\/blogs.laverdad.es\/primeraplana\/wp-json\/wp\/v2\/types\/post"}],"author":[{"embeddable":true,"href":"https:\/\/blogs.laverdad.es\/primeraplana\/wp-json\/wp\/v2\/users\/11"}],"replies":[{"embeddable":true,"href":"https:\/\/blogs.laverdad.es\/primeraplana\/wp-json\/wp\/v2\/comments?post=944"}],"version-history":[{"count":0,"href":"https:\/\/blogs.laverdad.es\/primeraplana\/wp-json\/wp\/v2\/posts\/944\/revisions"}],"wp:attachment":[{"href":"https:\/\/blogs.laverdad.es\/primeraplana\/wp-json\/wp\/v2\/media?parent=944"}],"wp:term":[{"taxonomy":"category","embeddable":true,"href":"https:\/\/blogs.laverdad.es\/primeraplana\/wp-json\/wp\/v2\/categories?post=944"},{"taxonomy":"post_tag","embeddable":true,"href":"https:\/\/blogs.laverdad.es\/primeraplana\/wp-json\/wp\/v2\/tags?post=944"}],"curies":[{"name":"wp","href":"https:\/\/api.w.org\/{rel}","templated":true}]}}