{"id":949,"date":"2016-06-13T10:16:02","date_gmt":"2016-06-13T08:16:02","guid":{"rendered":"http:\/\/blogs.laverdad.es\/primeraplana\/?p=949"},"modified":"2016-06-13T10:16:02","modified_gmt":"2016-06-13T08:16:02","slug":"patosos","status":"publish","type":"post","link":"https:\/\/blogs.laverdad.es\/primeraplana\/2016\/06\/13\/patosos\/","title":{"rendered":"Patosos"},"content":{"rendered":"<p>A media tarde de ayer todas las agencias de seguridad de EE UU estaban recabando informaci\u00f3n sobre el autor de la matanza de medio centenar de personas en un club gay de Orlando. Se hab\u00eda identificado al asesino, un ciudadano estadounidense de origen afgano, pero todo eran cautelas sobre la motivaci\u00f3n del asesinato en masa. Para entonces Donald Trump ya se hab\u00eda congratulado en Twitter de tener raz\u00f3n \u00absobre el radicalismo islamista\u00bb. Sin ning\u00fan recato y por pura conveniencia, Trump aplic\u00f3 el \u2018test del pato\u2019: \u00abSi parece un pato, nada como un pato y grazna como un pato, entonces probablemente sea un pato\u00bb. Para qu\u00e9 esperar a las evidencias. Y qu\u00e9 decir de Alberto Garz\u00f3n, el l\u00edder pol\u00edtico espa\u00f1ol m\u00e1s valorado en los sondeos, que \u2018tuite\u00f3\u2019: \u00abMi apoyo al entorno de las v\u00edctimas de Orlando y de las dos mujeres asesinadas en 24 horas. V\u00edctimas de la misma lacra: el heteropatriarcado\u00bb. La pol\u00edtica los cr\u00eda patosos y ellos se juntan, desde un extremo al otro, en la red social del pajarito. No se puede volar m\u00e1s bajo.<\/p>\n","protected":false},"excerpt":{"rendered":"<p>A media tarde de ayer todas las agencias de seguridad de EE UU estaban recabando informaci\u00f3n sobre el autor de la matanza de medio centenar de personas en un club gay de Orlando. Se hab\u00eda identificado al asesino, un ciudadano estadounidense de origen afgano, pero todo eran cautelas sobre la motivaci\u00f3n del asesinato en masa. [&hellip;]<\/p>\n","protected":false},"author":11,"featured_media":0,"comment_status":"closed","ping_status":"open","sticky":false,"template":"","format":"standard","meta":[],"categories":[36],"tags":[],"_links":{"self":[{"href":"https:\/\/blogs.laverdad.es\/primeraplana\/wp-json\/wp\/v2\/posts\/949"}],"collection":[{"href":"https:\/\/blogs.laverdad.es\/primeraplana\/wp-json\/wp\/v2\/posts"}],"about":[{"href":"https:\/\/blogs.laverdad.es\/primeraplana\/wp-json\/wp\/v2\/types\/post"}],"author":[{"embeddable":true,"href":"https:\/\/blogs.laverdad.es\/primeraplana\/wp-json\/wp\/v2\/users\/11"}],"replies":[{"embeddable":true,"href":"https:\/\/blogs.laverdad.es\/primeraplana\/wp-json\/wp\/v2\/comments?post=949"}],"version-history":[{"count":0,"href":"https:\/\/blogs.laverdad.es\/primeraplana\/wp-json\/wp\/v2\/posts\/949\/revisions"}],"wp:attachment":[{"href":"https:\/\/blogs.laverdad.es\/primeraplana\/wp-json\/wp\/v2\/media?parent=949"}],"wp:term":[{"taxonomy":"category","embeddable":true,"href":"https:\/\/blogs.laverdad.es\/primeraplana\/wp-json\/wp\/v2\/categories?post=949"},{"taxonomy":"post_tag","embeddable":true,"href":"https:\/\/blogs.laverdad.es\/primeraplana\/wp-json\/wp\/v2\/tags?post=949"}],"curies":[{"name":"wp","href":"https:\/\/api.w.org\/{rel}","templated":true}]}}