{"id":950,"date":"2016-06-17T07:52:19","date_gmt":"2016-06-17T05:52:19","guid":{"rendered":"http:\/\/blogs.laverdad.es\/primeraplana\/?p=950"},"modified":"2016-06-17T07:52:19","modified_gmt":"2016-06-17T05:52:19","slug":"la-politica-vencio-al-tedio","status":"publish","type":"post","link":"https:\/\/blogs.laverdad.es\/primeraplana\/2016\/06\/17\/la-politica-vencio-al-tedio\/","title":{"rendered":"La pol\u00edtica venci\u00f3 al tedio"},"content":{"rendered":"<p>\u00c1gil, imprevisible, sin cors\u00e9s, con \u2018zascas\u2019 en todas las direcciones, en ocasiones un tres contra uno, otras veces un todos contra todos&#8230; El debate entre los cabezas de lista de PP, PSOE, C\u2019s y Unidos Podemos por la Regi\u00f3n super\u00f3 con creces en intensidad y dinamismo dial\u00e9ctico al que este peri\u00f3dico tambi\u00e9n organiz\u00f3 con los candidatos a las auton\u00f3micas de 2015. Los dos pol\u00edticos m\u00e1s veteranos hicieron valer su experiencia, fajados ya en muchos debates televisivos y parlamentarios. Memorable la habilidad de Teodoro Garc\u00eda para trabar, como los p\u00fagiles veteranos, en los momentos delicados y contraatacar en los favorables. Mar\u00eda Gonz\u00e1lez Veracruz lleg\u00f3 al ring con la lecci\u00f3n bien aprendida de anteriores batallas y estuvo al mismo nivel que su principal oponente. Miguel Garaulet pec\u00f3 de intermitente, pero se reivindic\u00f3 con varios fogonazos. Y Javier S\u00e1nchez fue de menos a m\u00e1s. Administr\u00f3 los tiempos y estuvo en la recta final a la altura del envite. Ayer, la pol\u00edtica al menos derrot\u00f3 al tedio. <\/p>\n","protected":false},"excerpt":{"rendered":"<p>\u00c1gil, imprevisible, sin cors\u00e9s, con \u2018zascas\u2019 en todas las direcciones, en ocasiones un tres contra uno, otras veces un todos contra todos&#8230; El debate entre los cabezas de lista de PP, PSOE, C\u2019s y Unidos Podemos por la Regi\u00f3n super\u00f3 con creces en intensidad y dinamismo dial\u00e9ctico al que este peri\u00f3dico tambi\u00e9n organiz\u00f3 con los [&hellip;]<\/p>\n","protected":false},"author":11,"featured_media":0,"comment_status":"closed","ping_status":"open","sticky":false,"template":"","format":"standard","meta":[],"categories":[36],"tags":[],"_links":{"self":[{"href":"https:\/\/blogs.laverdad.es\/primeraplana\/wp-json\/wp\/v2\/posts\/950"}],"collection":[{"href":"https:\/\/blogs.laverdad.es\/primeraplana\/wp-json\/wp\/v2\/posts"}],"about":[{"href":"https:\/\/blogs.laverdad.es\/primeraplana\/wp-json\/wp\/v2\/types\/post"}],"author":[{"embeddable":true,"href":"https:\/\/blogs.laverdad.es\/primeraplana\/wp-json\/wp\/v2\/users\/11"}],"replies":[{"embeddable":true,"href":"https:\/\/blogs.laverdad.es\/primeraplana\/wp-json\/wp\/v2\/comments?post=950"}],"version-history":[{"count":0,"href":"https:\/\/blogs.laverdad.es\/primeraplana\/wp-json\/wp\/v2\/posts\/950\/revisions"}],"wp:attachment":[{"href":"https:\/\/blogs.laverdad.es\/primeraplana\/wp-json\/wp\/v2\/media?parent=950"}],"wp:term":[{"taxonomy":"category","embeddable":true,"href":"https:\/\/blogs.laverdad.es\/primeraplana\/wp-json\/wp\/v2\/categories?post=950"},{"taxonomy":"post_tag","embeddable":true,"href":"https:\/\/blogs.laverdad.es\/primeraplana\/wp-json\/wp\/v2\/tags?post=950"}],"curies":[{"name":"wp","href":"https:\/\/api.w.org\/{rel}","templated":true}]}}