{"id":952,"date":"2016-06-26T08:37:13","date_gmt":"2016-06-26T06:37:13","guid":{"rendered":"http:\/\/blogs.laverdad.es\/primeraplana\/?p=952"},"modified":"2016-06-26T08:37:13","modified_gmt":"2016-06-26T06:37:13","slug":"dos-elecciones-y-un-funeral","status":"publish","type":"post","link":"https:\/\/blogs.laverdad.es\/primeraplana\/2016\/06\/26\/dos-elecciones-y-un-funeral\/","title":{"rendered":"Dos elecciones y un funeral"},"content":{"rendered":"<p>Parad los relojes y desconectad el tel\u00e9fono, dadle un hueso jugoso al perro para que no ladre, haced callar a los pianos, tocad tambores con sordina, sacad el ata\u00fad y llamad a las pla\u00f1ideras&#8230; El poema de W. H. Auden, que protagoniza una escena de la pel\u00edcula brit\u00e1nica \u2018Cuatro bodas y un funeral\u2019, se ha fundido en negro con la realidad. En la campa\u00f1a electoral de 2015, el primer ministro David Cameron entreg\u00f3 a los euroesc\u00e9pticos de su partido un refer\u00e9ndum que nadie demandaba solo para que dejaran de ladrar. Y ahora media Gran Breta\u00f1a festeja el divorcio del \u2018Brexit\u2019 con la alegr\u00eda propia de una boda, y la otra media lo llora con la pena de un funeral. Imagino la verg\u00fcenza que los soldados brit\u00e1nicos que desembarcaron en Normand\u00eda para liberar a Europa del nazismo habr\u00edan sentido si hubieran o\u00eddo a Nigel Farage, l\u00edder del Partido Independentista del Reino Unido, hablar de patriotismo y clamar tras el triunfo del \u2018Brexit\u2019: \u00abEs la victoria de la gente real, la victoria de las personas decentes\u00bb. Ahora que el desembarco en las playas europeas es de miles de v\u00edctimas de la guerra en Siria, el nuevo populismo, encarnado en el Reino Unido por un partido nacionalista y xen\u00f3fobo, lo ha tenido muy f\u00e1cil para que lo impensable hace un a\u00f1o se haya vuelto irreversible. Nadie pod\u00eda imaginar que los brit\u00e1nicos votar\u00edan a favor de salir de la UE, pero esto es lo que puede suceder cuando en las urnas predominan las emociones sobre el c\u00e1lculo de p\u00e9rdidas y ganancias y se produce una tr\u00e1gica concurrencia de l\u00edderes pol\u00edticos irresponsables.<\/p>\n<p>     Cameron deja como legado un pa\u00eds m\u00e1s aislado y completamente dividido, generacional y territorialmente, con Escocia llamando de nuevo a las puertas de su independencia, por una consulta sobre una decisi\u00f3n trascendental que hubiera precisado de una mayor\u00eda cualificada, en lugar del lanzamiento de una moneda al aire. Las consecuencias para el Reino Unido y la UE son demoledoras. Todos perdemos. Se abre una peligrosa senda de deserciones de otros Estados miembros que ya est\u00e1 siendo alentada por la ultraderecha francesa y holandesa, mientras los l\u00edderes de la UE se muestran incapaces de resolver la crisis de desafecto hacia el proyecto europeo. No son pocas las incertidumbres para Espa\u00f1a y para una regi\u00f3n exportadora y receptora de turistas como la nuestra.<\/p>\n<p>Hoy, con la resaca del \u2018Brexit\u2019 y el horizonte europeo cargado de sombras, los espa\u00f1oles estamos llamados a votar por segunda vez en seis meses. Cada cual sacar\u00e1 conclusiones de lo ocurrido desde diciembre, har\u00e1 balance de la legislatura, sopesar\u00e1 las \u00faltimas ofertas de la campa\u00f1a, reflexionar\u00e1 sobre qu\u00e9 candidato le inspira m\u00e1s confianza y decidir\u00e1 qu\u00e9 modelo de regi\u00f3n y de pa\u00eds quiere para el futuro. Habr\u00e1 quienes voten emocionalmente y quienes lo hagan anal\u00edticamente. Todas las motivaciones son leg\u00edtimas y cada papeleta tiene el mismo valor. No conviene orillar uno de los recordatorios del \u2018Brexit\u2019: cada voto, vaya donde vaya, tiene sus consecuencias. Y son irreversibles hasta dentro de cuatro a\u00f1os, en condiciones normales de estabilidad democr\u00e1tica. El \u00faltimo fracaso en la formaci\u00f3n del gobierno es responsabilidad directa de la clase pol\u00edtica, pero el reparto de fuerzas es solo atribuible a la voluntad de los votantes. Nuestros pol\u00edticos son el reflejo de lo que somos y de lo que queremos ser. Votar es una nueva oportunidad para marcar el rumbo de Espa\u00f1a y colmar nuestras aspiraciones personales y como Regi\u00f3n. Tambi\u00e9n es leg\u00edtimo renunciar a esta toma de decisi\u00f3n colectiva, pero la autoexclusi\u00f3n solo sirve para que los dem\u00e1s decidan por cada uno de nosotros.<\/p>\n<p>Los sondeos de las \u00faltimas semanas arrojan un resultado incierto. Se vislumbra una aritm\u00e9tica tan compleja o m\u00e1s que la observada en diciembre para la formaci\u00f3n de gobierno. Pero la encuesta que vale, la aut\u00e9ntica y real, es la que hoy saldr\u00e1 de las urnas. Esta vez, los l\u00edderes pol\u00edticos espa\u00f1oles ya no podr\u00e1n  rehuir el m\u00e1ximo esfuerzo para lograr los pactos que conformen un gobierno. Volver a las l\u00edneas rojas, el \u2018teatrillo\u2019 y dem\u00e1s estrategias dilatorias para desembocar en una tercera vuelta supone por anticipado un escenario inadmisible para una ciudadan\u00eda que lleva dos a\u00f1os acudiendo a las urnas para comicios municipales, auton\u00f3micos y generales. Espa\u00f1a est\u00e1 necesitada de estabilidad pol\u00edtica para dejar atr\u00e1s la crisis y para llevar a cabo las reformas institucionales y de regeneraci\u00f3n pol\u00edtica que demanda una inmensa mayor\u00eda. Precisa de una pol\u00edtica econ\u00f3mica definida que inspire confianza y que sea predecible para que el mercado de trabajo acelere su reactivaci\u00f3n. Necesita de acuerdos para solventar la crisis de nuestro modelo de financiaci\u00f3n auton\u00f3mica y encontrar soluciones a problemas estructurales para nuestra Regi\u00f3n, como la ausencia de agua para sus campos. En juego hay demasiados asuntos relevantes como para plantearse abdicar del derecho a influir a trav\u00e9s del voto. La suma de todos ellos pondr\u00e1 sobre la mesa esta noche cu\u00e1l es el deseo mayoritario de los espa\u00f1oles.<\/p>\n","protected":false},"excerpt":{"rendered":"<p>Parad los relojes y desconectad el tel\u00e9fono, dadle un hueso jugoso al perro para que no ladre, haced callar a los pianos, tocad tambores con sordina, sacad el ata\u00fad y llamad a las pla\u00f1ideras&#8230; El poema de W. H. Auden, que protagoniza una escena de la pel\u00edcula brit\u00e1nica \u2018Cuatro bodas y un funeral\u2019, se ha [&hellip;]<\/p>\n","protected":false},"author":11,"featured_media":0,"comment_status":"closed","ping_status":"open","sticky":false,"template":"","format":"standard","meta":[],"categories":[36],"tags":[],"_links":{"self":[{"href":"https:\/\/blogs.laverdad.es\/primeraplana\/wp-json\/wp\/v2\/posts\/952"}],"collection":[{"href":"https:\/\/blogs.laverdad.es\/primeraplana\/wp-json\/wp\/v2\/posts"}],"about":[{"href":"https:\/\/blogs.laverdad.es\/primeraplana\/wp-json\/wp\/v2\/types\/post"}],"author":[{"embeddable":true,"href":"https:\/\/blogs.laverdad.es\/primeraplana\/wp-json\/wp\/v2\/users\/11"}],"replies":[{"embeddable":true,"href":"https:\/\/blogs.laverdad.es\/primeraplana\/wp-json\/wp\/v2\/comments?post=952"}],"version-history":[{"count":0,"href":"https:\/\/blogs.laverdad.es\/primeraplana\/wp-json\/wp\/v2\/posts\/952\/revisions"}],"wp:attachment":[{"href":"https:\/\/blogs.laverdad.es\/primeraplana\/wp-json\/wp\/v2\/media?parent=952"}],"wp:term":[{"taxonomy":"category","embeddable":true,"href":"https:\/\/blogs.laverdad.es\/primeraplana\/wp-json\/wp\/v2\/categories?post=952"},{"taxonomy":"post_tag","embeddable":true,"href":"https:\/\/blogs.laverdad.es\/primeraplana\/wp-json\/wp\/v2\/tags?post=952"}],"curies":[{"name":"wp","href":"https:\/\/api.w.org\/{rel}","templated":true}]}}