{"id":953,"date":"2016-06-21T08:11:40","date_gmt":"2016-06-21T06:11:40","guid":{"rendered":"http:\/\/blogs.laverdad.es\/primeraplana\/?p=953"},"modified":"2016-06-21T08:11:40","modified_gmt":"2016-06-21T06:11:40","slug":"y-barreiro-se-dejo-ver","status":"publish","type":"post","link":"https:\/\/blogs.laverdad.es\/primeraplana\/2016\/06\/21\/y-barreiro-se-dejo-ver\/","title":{"rendered":"Y Barreiro se dej\u00f3 ver"},"content":{"rendered":"<p>Que Pilar Barreiro no hubiera aparecido en la primera semana de campa\u00f1a, siendo candidata popular al Senado, era cuando menos ins\u00f3lito, por decir algo suave. Pero que se dejara ver ayer por primera vez, entre los \u00e1rboles de un parque en Sangonera la Verde, donde Javier Maroto daba un mitin, tan solo unas horas despu\u00e9s de que el Supremo ratificara la anulaci\u00f3n del Plan General de Cartagena, ya entra de lleno en lo cabal\u00edstico. Parece que G\u00e9nova ya no sabe qu\u00e9 hacer para perder votos en Cartagena. Dice el Supremo que las deficiencias observadas han sido tantas -solo su enumeraci\u00f3n ocupa catorce p\u00e1ginas de la sentencia del TSJ recurrida- y, sobre todo, tan importantes, que las pretensiones del Ayuntamiento y la Comunidad no pod\u00edan ser estimadas. Pero ah\u00ed sigue Barreiro, a un peque\u00f1o paso del Senado.<\/p>\n","protected":false},"excerpt":{"rendered":"<p>Que Pilar Barreiro no hubiera aparecido en la primera semana de campa\u00f1a, siendo candidata popular al Senado, era cuando menos ins\u00f3lito, por decir algo suave. Pero que se dejara ver ayer por primera vez, entre los \u00e1rboles de un parque en Sangonera la Verde, donde Javier Maroto daba un mitin, tan solo unas horas despu\u00e9s [&hellip;]<\/p>\n","protected":false},"author":11,"featured_media":0,"comment_status":"closed","ping_status":"open","sticky":false,"template":"","format":"standard","meta":[],"categories":[36],"tags":[],"_links":{"self":[{"href":"https:\/\/blogs.laverdad.es\/primeraplana\/wp-json\/wp\/v2\/posts\/953"}],"collection":[{"href":"https:\/\/blogs.laverdad.es\/primeraplana\/wp-json\/wp\/v2\/posts"}],"about":[{"href":"https:\/\/blogs.laverdad.es\/primeraplana\/wp-json\/wp\/v2\/types\/post"}],"author":[{"embeddable":true,"href":"https:\/\/blogs.laverdad.es\/primeraplana\/wp-json\/wp\/v2\/users\/11"}],"replies":[{"embeddable":true,"href":"https:\/\/blogs.laverdad.es\/primeraplana\/wp-json\/wp\/v2\/comments?post=953"}],"version-history":[{"count":0,"href":"https:\/\/blogs.laverdad.es\/primeraplana\/wp-json\/wp\/v2\/posts\/953\/revisions"}],"wp:attachment":[{"href":"https:\/\/blogs.laverdad.es\/primeraplana\/wp-json\/wp\/v2\/media?parent=953"}],"wp:term":[{"taxonomy":"category","embeddable":true,"href":"https:\/\/blogs.laverdad.es\/primeraplana\/wp-json\/wp\/v2\/categories?post=953"},{"taxonomy":"post_tag","embeddable":true,"href":"https:\/\/blogs.laverdad.es\/primeraplana\/wp-json\/wp\/v2\/tags?post=953"}],"curies":[{"name":"wp","href":"https:\/\/api.w.org\/{rel}","templated":true}]}}