{"id":954,"date":"2016-06-23T08:24:27","date_gmt":"2016-06-23T06:24:27","guid":{"rendered":"http:\/\/blogs.laverdad.es\/primeraplana\/?p=954"},"modified":"2016-06-23T08:24:27","modified_gmt":"2016-06-23T06:24:27","slug":"politicos-pasados-por-agua","status":"publish","type":"post","link":"https:\/\/blogs.laverdad.es\/primeraplana\/2016\/06\/23\/politicos-pasados-por-agua\/","title":{"rendered":"Pol\u00edticos pasados por agua"},"content":{"rendered":"<p>No quieren los regantes ver a pol\u00edticos en su protesta frente a la Confederaci\u00f3n Hidrogr\u00e1fica del Segura. Est\u00e1n hartos de que se les utilice para obtener r\u00e9ditos electorales y lo van a hacer visible ma\u00f1ana en v\u00edsperas de la cita con las urnas. Se supon\u00eda que el Memor\u00e1ndum del Tajo iba a ser un blindaje legal, que compensar\u00eda a los regantes ante un menor volumen trasvasable con mayor seguridad jur\u00eddica y la posibilidad de poder comprar agua de otras cuencas, lo que ha impedido el Ministerio en todo este tiempo con todo tipo de trabas. El resultado es que hoy la situaci\u00f3n en la cuenca no es ni mucho menos mejor que antes del acuerdo que el PP vendi\u00f3 como hist\u00f3rico. Los nuevos partidos aprenden r\u00e1pido de los viejos. Ah\u00ed est\u00e1 Podemos, que en esta campa\u00f1a ha hecho de la denuncia de la penosa situaci\u00f3n del Heredamiento de Molina de Segura, liderado en la actualidad por uno de sus candidatos a las \u00faltimas municipales, una de sus principales l\u00edneas de acci\u00f3n pol\u00edtica.<\/p>\n","protected":false},"excerpt":{"rendered":"<p>No quieren los regantes ver a pol\u00edticos en su protesta frente a la Confederaci\u00f3n Hidrogr\u00e1fica del Segura. Est\u00e1n hartos de que se les utilice para obtener r\u00e9ditos electorales y lo van a hacer visible ma\u00f1ana en v\u00edsperas de la cita con las urnas. Se supon\u00eda que el Memor\u00e1ndum del Tajo iba a ser un blindaje [&hellip;]<\/p>\n","protected":false},"author":11,"featured_media":0,"comment_status":"closed","ping_status":"open","sticky":false,"template":"","format":"standard","meta":[],"categories":[36],"tags":[],"_links":{"self":[{"href":"https:\/\/blogs.laverdad.es\/primeraplana\/wp-json\/wp\/v2\/posts\/954"}],"collection":[{"href":"https:\/\/blogs.laverdad.es\/primeraplana\/wp-json\/wp\/v2\/posts"}],"about":[{"href":"https:\/\/blogs.laverdad.es\/primeraplana\/wp-json\/wp\/v2\/types\/post"}],"author":[{"embeddable":true,"href":"https:\/\/blogs.laverdad.es\/primeraplana\/wp-json\/wp\/v2\/users\/11"}],"replies":[{"embeddable":true,"href":"https:\/\/blogs.laverdad.es\/primeraplana\/wp-json\/wp\/v2\/comments?post=954"}],"version-history":[{"count":0,"href":"https:\/\/blogs.laverdad.es\/primeraplana\/wp-json\/wp\/v2\/posts\/954\/revisions"}],"wp:attachment":[{"href":"https:\/\/blogs.laverdad.es\/primeraplana\/wp-json\/wp\/v2\/media?parent=954"}],"wp:term":[{"taxonomy":"category","embeddable":true,"href":"https:\/\/blogs.laverdad.es\/primeraplana\/wp-json\/wp\/v2\/categories?post=954"},{"taxonomy":"post_tag","embeddable":true,"href":"https:\/\/blogs.laverdad.es\/primeraplana\/wp-json\/wp\/v2\/tags?post=954"}],"curies":[{"name":"wp","href":"https:\/\/api.w.org\/{rel}","templated":true}]}}