{"id":957,"date":"2016-06-27T02:05:13","date_gmt":"2016-06-27T00:05:13","guid":{"rendered":"http:\/\/blogs.laverdad.es\/primeraplana\/?p=957"},"modified":"2016-06-27T02:05:13","modified_gmt":"2016-06-27T00:05:13","slug":"el-26j-afianza-a-rajoy","status":"publish","type":"post","link":"https:\/\/blogs.laverdad.es\/primeraplana\/2016\/06\/27\/el-26j-afianza-a-rajoy\/","title":{"rendered":"El 26J afianza a Rajoy"},"content":{"rendered":"<p>Todas las encuestas fallaron. Incluso las \u2018israelitas\u2019 realizadas ayer a pie de urna. No hubo \u2018sorpasso\u2019 de Unidos Podemos al PSOE, que sigue siendo la fuerza m\u00e1s votada y con m\u00e1s esca\u00f1os de la izquierda, y el PP mejor\u00f3 con creces los pron\u00f3sticos de todos los sondeos. El reparto de fuerzas sigue poniendo complicada la formaci\u00f3n de gobierno, pero sin duda el gran vencedor fue anoche Mariano Rajoy, que da al PP catorce esca\u00f1os m\u00e1s que en diciembre. Por el contrario, el gran derrotado fue Pablo Iglesias, que mantiene el mismo n\u00famero de esca\u00f1os pese al acuerdo con Izquierda Unida. En lugar de sumar, el pacto rest\u00f3. Todo un varapalo para las expectativas del partido morado. El resultado tambi\u00e9n es desastroso para las aspiraciones de Albert Rivera, que pierde ocho esca\u00f1os. El acuerdo de investidura con el PSOE le pasa factura y le drena miles de votantes que vuelven al PP. Aunque tendr\u00e1 cuatro diputados menos, Pedro S\u00e1nchez sale vivo del 26J. Empeora respecto a diciembre y obtiene el peor resultado del PSOE desde 1979, pero dif\u00edcilmente Susana D\u00edaz podr\u00e1 afearle nada tras la mala cosecha de papeletas en Andaluc\u00eda, donde los socialistas solo vencen a los populares en tres provincias. En el PSOE muchos tem\u00edan una hecatombe y Pedro S\u00e1nchez resiste y frena a Podemos, aunque hoy est\u00e1 lejos de La Moncloa que hace unos meses.<\/p>\n<p>Rajoy no lo tiene f\u00e1cil, pero est\u00e1 en una posici\u00f3n claramente mejor que en diciembre para formar gobierno. Su indiscutible triunfo en las urnas, siendo el \u00fanico l\u00edder que mejora, le puede dar alas. El mensaje de los votantes ha sido inequ\u00edvoco en sus preferencias. Avanza el centroderecha, probablemente aupado en \u00faltima instancia por los negros nubarrones que han aparecido en Europa con el \u2018Brexit\u2019 brit\u00e1nico. En tiempos de zozobra, la experiencia siempre es un valor busca el electorado. La campa\u00f1a popular ha estado basada en la posibilidad de que Unidos Podemos pudiera hacerse con el Gobierno, dando al traste con la reactivaci\u00f3n econ\u00f3mica y propiciando un refer\u00e9ndum sobre la independencia de Catalu\u00f1a. Y ha calado. Los votantes han apostado por la seguridad y la moderaci\u00f3n frente a los experimentos de los nuevos partidos en un momento nuevamente complicado en lo pol\u00edtico y lo econ\u00f3mico. La profunda crisis abierta en la UE y en el propio Reino Unido habr\u00eda terminado por apuntalar las preferencias del electorado, que en este contexto han relativizado en este contexto las grabaciones al ministro del Interior y los casos de corrupci\u00f3n que afectado a los populares. <\/p>\n<p>En la Regi\u00f3n, el PP tambi\u00e9n obtuvo un triunfo rotundo. Aunque obtiene los mismos esca\u00f1os, roz\u00f3 el sexto y mejor\u00f3 m\u00e1s de seis puntos en apoyo. Gana en todas las comarcas y en 42 de los 45 municipios. El crecimiento es especialmente relevante en los grandes municipios. Incluso all\u00ed donde no gobierna (Cartagena). Un resultado que afianza a Pedro Antonio S\u00e1nchez, quien llev\u00f3 el peso de la campa\u00f1a junto a Teodoro Garc\u00eda y Francisco Bernab\u00e9, justo unas semanas despu\u00e9s de atravesar el momento m\u00e1s delicado de su etapa de gobierno por la \u2018P\u00fanica\u2019 y con el lastre de los casos judiciales de Valc\u00e1rcel y Barreiro. A falta de un an\u00e1lisis pormenorizado llama la atenci\u00f3n que no solo obtiene votos de Ciudadanos, que repite esca\u00f1os pero se desinfla, perdiendo dos puntos desde el 20D. Todo indica que el PP recupera respaldo de antiguos votantes, pero incluso podr\u00eda haber pescado en los caladeros del PSOE y de Podemos. Los socialistas vuelven a registrar un en\u00e9simo suelo, pero la bajada es de tres d\u00e9cimas, algo irrelevante habida cuenta de lo que algunos tem\u00edan. El pinchazo de Unidos Podemos ha sido de \u00f3rdago en la Regi\u00f3n. Pierde m\u00e1s de 8.000 votos desde diciembre y no suma los 22.767 que gan\u00f3 IU entonces.<\/p>\n","protected":false},"excerpt":{"rendered":"<p>Todas las encuestas fallaron. Incluso las \u2018israelitas\u2019 realizadas ayer a pie de urna. No hubo \u2018sorpasso\u2019 de Unidos Podemos al PSOE, que sigue siendo la fuerza m\u00e1s votada y con m\u00e1s esca\u00f1os de la izquierda, y el PP mejor\u00f3 con creces los pron\u00f3sticos de todos los sondeos. El reparto de fuerzas sigue poniendo complicada la [&hellip;]<\/p>\n","protected":false},"author":11,"featured_media":0,"comment_status":"closed","ping_status":"open","sticky":false,"template":"","format":"standard","meta":[],"categories":[3],"tags":[],"_links":{"self":[{"href":"https:\/\/blogs.laverdad.es\/primeraplana\/wp-json\/wp\/v2\/posts\/957"}],"collection":[{"href":"https:\/\/blogs.laverdad.es\/primeraplana\/wp-json\/wp\/v2\/posts"}],"about":[{"href":"https:\/\/blogs.laverdad.es\/primeraplana\/wp-json\/wp\/v2\/types\/post"}],"author":[{"embeddable":true,"href":"https:\/\/blogs.laverdad.es\/primeraplana\/wp-json\/wp\/v2\/users\/11"}],"replies":[{"embeddable":true,"href":"https:\/\/blogs.laverdad.es\/primeraplana\/wp-json\/wp\/v2\/comments?post=957"}],"version-history":[{"count":0,"href":"https:\/\/blogs.laverdad.es\/primeraplana\/wp-json\/wp\/v2\/posts\/957\/revisions"}],"wp:attachment":[{"href":"https:\/\/blogs.laverdad.es\/primeraplana\/wp-json\/wp\/v2\/media?parent=957"}],"wp:term":[{"taxonomy":"category","embeddable":true,"href":"https:\/\/blogs.laverdad.es\/primeraplana\/wp-json\/wp\/v2\/categories?post=957"},{"taxonomy":"post_tag","embeddable":true,"href":"https:\/\/blogs.laverdad.es\/primeraplana\/wp-json\/wp\/v2\/tags?post=957"}],"curies":[{"name":"wp","href":"https:\/\/api.w.org\/{rel}","templated":true}]}}