{"id":964,"date":"2016-07-03T07:27:45","date_gmt":"2016-07-03T05:27:45","guid":{"rendered":"http:\/\/blogs.laverdad.es\/primeraplana\/?p=964"},"modified":"2016-07-03T07:27:45","modified_gmt":"2016-07-03T05:27:45","slug":"es-la-educacion","status":"publish","type":"post","link":"https:\/\/blogs.laverdad.es\/primeraplana\/2016\/07\/03\/es-la-educacion\/","title":{"rendered":"Es la Educaci\u00f3n"},"content":{"rendered":"<p><strong>Han pasado las elecciones y es necesario que los partidos se pongan ya a trabajar de forma constructiva en la Regi\u00f3n. Ese pacto educativo regional que reclama el Consejo Econ\u00f3mico y Social ser\u00eda la mejor forma de empezar<\/strong> <\/p>\n<p>El Consejo Econ\u00f3mico y Social (CES) de la Regi\u00f3n de Murcia no da puntadas sin hilo. Sus diagn\u00f3sticos son siempre certeros y convienen ser atendidos por quienes ostentan responsabilidades p\u00fablicas. Es una buena noticia que la irreparable p\u00e9rdida de su presidente durante muchos a\u00f1os, el a\u00f1orado Antonio Reverte, no haya producido una merma en la calidad del trabajo de este \u00f3rgano consultivo, que ha encontrado en Jos\u00e9 Luj\u00e1n un nuevo timonel que est\u00e1 cumpliendo con creces tan complicada encomienda. El pasado viernes, el CES dio a conocer su \u00faltima memoria, un exhaustivo informe que proporciona valiosa informaci\u00f3n sobre el estado de la Regi\u00f3n en un momento crucial para adoptar el mejor rumbo en esta fase de incipiente recuperaci\u00f3n. El documento pone el dedo en la llaga al se\u00f1alar algunas secuelas importantes dejadas por la crisis, como el crecimiento de la desigualdad. Aunque sus niveles son menores que los del conjunto de Espa\u00f1a, han experimentado un mayor crecimiento durante estos a\u00f1os de depresi\u00f3n econ\u00f3mica.<\/p>\n<p>     Se dice que la pobreza puede llevarse con resignaci\u00f3n, pero la desigualdad es un fen\u00f3meno inaceptable que se ha acentuado con la globalizaci\u00f3n. No es admisible un mundo donde las 85 personas m\u00e1s adineradas acumulan una riqueza equivalente a la de las 3.500 millones m\u00e1s pobres, seg\u00fan reiteran los informes de Oxfam. El acelerado proceso de desigualdad social en la Regi\u00f3n tiene que ver mucho con los cambios en la evoluci\u00f3n y distribuci\u00f3n de la riqueza durante la crisis. Los niveles de renta en la Regi\u00f3n han sido hist\u00f3ricamente menores que los nacionales, pero, seg\u00fan el CES, aqu\u00ed empezaron a contraerse antes y con una intensidad que a la postre ha sido mayor que en el resto del pa\u00eds. La renta media por persona baj\u00f3 un 14,8% frente a un 3,2% en el caso nacional, lo que ha lastrado el consumo tambi\u00e9n de forma m\u00e1s acusada en la Regi\u00f3n. Aunque los m\u00e1s ricos han sentido la crisis, los datos muestran un empobrecimiento mayor en la clase media y en los m\u00e1s desfavorecidos, que crecen en n\u00famero. La lucha contra la desigualdad social ha sido una bandera hist\u00f3rica de la izquierda como la libertad, en su sentido m\u00e1s amplio, lo ha sido de la derecha. El actual Gobierno regional, que apuesta por la libertad de elecci\u00f3n de centros educativos, de horarios comerciales y por la eliminaci\u00f3n de trabas a la actividad econ\u00f3mica, no puede descuidar, sin embargo, el combate de la desigualdad. La tesis de que impulsando el crecimiento econ\u00f3mico y la generaci\u00f3n de empleo se puede resta\u00f1ar la brecha no es del todo convincente, a la vista de las bolsas de pobreza y los \u00edndices de desigualdad que muestran muchos pa\u00edses en pleno crecimiento. Las hist\u00f3ricas recetas de la izquierda, basadas en las ayudas p\u00fablicas, han dado r\u00e9ditos pol\u00edticos a sus impulsores, pero tampoco han erradicado el problema. Probablemente est\u00e9 en el t\u00e9rmino medio, en la combinaci\u00f3n de medidas liberalizadoras de impulso econ\u00f3mico y una protecci\u00f3n social que no deje a nadie en el camino, la v\u00eda m\u00e1s adecuada de cara al futuro.<\/p>\n<p>Dicho todo esto, en mi opini\u00f3n no habr\u00e1 soluci\u00f3n si a la vez no hay un impulso decidido al sistema educativo. El informe del CES es di\u00e1fano cuando se\u00f1ala las carencias y los remedios.  En su presentaci\u00f3n, Jos\u00e9 Luj\u00e1n subray\u00f3 la imperiosa necesidad de alcanzar un gran pacto regional por la Educaci\u00f3n que repare, en primer lugar, el impacto de la crisis en el gasto p\u00fablico. Aunque el descenso fue cinco puntos menor que la media nacional, los recursos p\u00fablicos por alumnos en los centros de ense\u00f1anza no universitaria disminuyeron un 10,5%. No menos importante fue la reducci\u00f3n de la plantilla de docentes, que alcanz\u00f3 un 10,7% (2.325 profesores menos). Es necesario, asimismo, acabar con la fuerte proporci\u00f3n de j\u00f3venes entre 25 y 34 a\u00f1os con poco nivel de estudios. En la Regi\u00f3n se ha producido una importante disminuci\u00f3n del abandono temprano educativo desde mediados de la pasada d\u00e9cada, periodo en el que la tasa disminuye 14 puntos porcentuales, al pasar del 38,1% en 2005 al 24,1% en 2014. \u00abEs una ca\u00edda superior a la que se constata en Espa\u00f1a, en el entorno de los 9 puntos, pero insuficiente para corregir totalmente la desventaja pues en el conjunto nacional dicha tasa asciende al 21,6%\u00bb, apunta el CES.<\/p>\n<p>Reducir la desigualdad social, con efectos estables y duraderos, no ser\u00e1 posible exclusivamente con la rebaja del paro. Tan importante como generar actividad econ\u00f3mica y afinar las estrategias de empleo juvenil, dot\u00e1ndolas de recursos suficientes, ser\u00e1 resolver todos los problemas de fondo que arrastra desde hace tiempo la formaci\u00f3n de nuestro capital humano. Si aspiramos a una Regi\u00f3n m\u00e1s pr\u00f3spera y con las mismas oportunidades para todos, la apuesta sostenida por la educaci\u00f3n p\u00fablica de calidad es el camino m\u00e1s acertado. Ya han pasado todas las elecciones y es necesario que los partidos se pongan a trabajar de forma constructiva. Ese pacto educativo regional que reclama el CES ser\u00eda la mejor manera de empezar.<\/p>\n","protected":false},"excerpt":{"rendered":"<p>Han pasado las elecciones y es necesario que los partidos se pongan ya a trabajar de forma constructiva en la Regi\u00f3n. Ese pacto educativo regional que reclama el Consejo Econ\u00f3mico y Social ser\u00eda la mejor forma de empezar El Consejo Econ\u00f3mico y Social (CES) de la Regi\u00f3n de Murcia no da puntadas sin hilo. Sus [&hellip;]<\/p>\n","protected":false},"author":11,"featured_media":0,"comment_status":"closed","ping_status":"open","sticky":false,"template":"","format":"standard","meta":[],"categories":[3],"tags":[],"_links":{"self":[{"href":"https:\/\/blogs.laverdad.es\/primeraplana\/wp-json\/wp\/v2\/posts\/964"}],"collection":[{"href":"https:\/\/blogs.laverdad.es\/primeraplana\/wp-json\/wp\/v2\/posts"}],"about":[{"href":"https:\/\/blogs.laverdad.es\/primeraplana\/wp-json\/wp\/v2\/types\/post"}],"author":[{"embeddable":true,"href":"https:\/\/blogs.laverdad.es\/primeraplana\/wp-json\/wp\/v2\/users\/11"}],"replies":[{"embeddable":true,"href":"https:\/\/blogs.laverdad.es\/primeraplana\/wp-json\/wp\/v2\/comments?post=964"}],"version-history":[{"count":0,"href":"https:\/\/blogs.laverdad.es\/primeraplana\/wp-json\/wp\/v2\/posts\/964\/revisions"}],"wp:attachment":[{"href":"https:\/\/blogs.laverdad.es\/primeraplana\/wp-json\/wp\/v2\/media?parent=964"}],"wp:term":[{"taxonomy":"category","embeddable":true,"href":"https:\/\/blogs.laverdad.es\/primeraplana\/wp-json\/wp\/v2\/categories?post=964"},{"taxonomy":"post_tag","embeddable":true,"href":"https:\/\/blogs.laverdad.es\/primeraplana\/wp-json\/wp\/v2\/tags?post=964"}],"curies":[{"name":"wp","href":"https:\/\/api.w.org\/{rel}","templated":true}]}}