{"id":965,"date":"2016-07-13T01:15:36","date_gmt":"2016-07-12T23:15:36","guid":{"rendered":"http:\/\/blogs.laverdad.es\/primeraplana\/?p=965"},"modified":"2016-07-13T01:15:36","modified_gmt":"2016-07-12T23:15:36","slug":"choque-de-trenesen-la-asamblea","status":"publish","type":"post","link":"https:\/\/blogs.laverdad.es\/primeraplana\/2016\/07\/13\/choque-de-trenesen-la-asamblea\/","title":{"rendered":"Choque de trenes  en la Asamblea"},"content":{"rendered":"<p>Hoy arranca el debate sobre el estado de la Regi\u00f3n y mi duda es cu\u00e1n bronco ser\u00e1 el choque dial\u00e9ctico entre gobierno y oposici\u00f3n. Que abandone toda esperanza quien espere autocr\u00edtica en el Ejecutivo o alg\u00fan reconocimiento de la otra parte. El acuerdo que permiti\u00f3 modificar los Presupuestos, por un pacto entre PP y PSOE, fue puntual y por la presi\u00f3n de los alcaldes socialistas, que se hubieran visto perjudicados. Todo apunta a un duelo entre el triunfalismo de unos y el catastrofismo de otros, en l\u00ednea con los \u00faltimos tiempos.<\/p>\n<p>Crecido por los resultados electorales del PP, el Ejecutivo a\u00fan no se ha bajado de la nube del 26J. Anda tan pasado de revoluciones en su carrusel de fotoanuncios y gestos, jugando todos para el delantero PAS, que ni se percata de sus errores. Est\u00e1 bien que se abran m\u00e1s tramos de la Costera Norte de Murcia si ya pueden utilizarse, pero a cuento de qu\u00e9 ese corte de cinta con una obra inacabada y esa nota de Presidencia dando por terminado el cintur\u00f3n si falta el paso por la autov\u00eda con su correspondiente viaducto. Y c\u00f3mo es posible que una genetista tan rigurosa como la consejera Guill\u00e9n acierte al calificar de \u00abhecho hist\u00f3rico\u00bb la pionera aplicaci\u00f3n de c\u00e9lulas madre mesenquimales fucolisadas en La Arrixaca, y a continuaci\u00f3n se exceda al asegurar que \u00abpermitir\u00e1 hacer frente a importantes retos asistenciales\u00bb, trat\u00e1ndose a\u00fan de un ensayo cl\u00ednico en fase I\/II para comprobar la seguridad de la terapia, con un solo paciente y pendiente de publicaci\u00f3n cient\u00edfica. <\/p>\n<p>Si se repiten los \u00faltimos debates en la Asamblea, el protagonismo lo copar\u00e1n S\u00e1nchez y Urralburu, dado que la oratoria parlamentaria es el punto d\u00e9bil de Gonz\u00e1lez Tovar y del portavoz naranja Miguel S\u00e1nchez. Los portavoces de la oposici\u00f3n llegan con pobre balance en las urnas y sin haber hecho un ejercicio realista de autocr\u00edtica, especialmente Podemos, que dice que cambiar\u00e1 lo que mejor le ha funcionado aqu\u00ed (la comunicaci\u00f3n), quiz\u00e1 para no tener que asumir que fue un error hist\u00f3rico su p\u00e9rdida de transversalidad y vocaci\u00f3n de partido mayoritario por el acuerdo con IU. Si el principal reproche va a ser que el Gobierno est\u00e1 fuera de la realidad, visto el veredicto de las urnas la oposici\u00f3n tendr\u00e1 que hac\u00e9rselo mirar. Guste o no, el 26J dej\u00f3 claro que la denuncia de la corrupci\u00f3n es un discurso pol\u00edtico amortizado que ya pas\u00f3 toda factura posible a los populares. Ciudadanos empieza a notarlo en sus apoyos electorales porque era su principal baza en la Regi\u00f3n, si no la \u00fanica. Mucho mejor deber\u00e1 hacerlo la oposici\u00f3n para doblegar al PP regional, al que se le ve con m\u00e1s organizaci\u00f3n y motivaci\u00f3n en el terreno de juego. Y aunque la sobreexcitaci\u00f3n les lleva a cometer errores, tambi\u00e9n cosechan aciertos y son m\u00e1s previsibles. Si PSOE y Ciudadanos no introducen un revulsivo en sus liderazgos, lo tienen crudo a medio plazo frente a un PP muy movilizado que roza el culto a la personalidad con PAS. Aunque desde fuera tanta adulaci\u00f3n sonroja, parece que les funciona.<\/p>\n","protected":false},"excerpt":{"rendered":"<p>Hoy arranca el debate sobre el estado de la Regi\u00f3n y mi duda es cu\u00e1n bronco ser\u00e1 el choque dial\u00e9ctico entre gobierno y oposici\u00f3n. Que abandone toda esperanza quien espere autocr\u00edtica en el Ejecutivo o alg\u00fan reconocimiento de la otra parte. El acuerdo que permiti\u00f3 modificar los Presupuestos, por un pacto entre PP y PSOE, [&hellip;]<\/p>\n","protected":false},"author":11,"featured_media":0,"comment_status":"closed","ping_status":"open","sticky":false,"template":"","format":"standard","meta":[],"categories":[3],"tags":[201,74,64],"_links":{"self":[{"href":"https:\/\/blogs.laverdad.es\/primeraplana\/wp-json\/wp\/v2\/posts\/965"}],"collection":[{"href":"https:\/\/blogs.laverdad.es\/primeraplana\/wp-json\/wp\/v2\/posts"}],"about":[{"href":"https:\/\/blogs.laverdad.es\/primeraplana\/wp-json\/wp\/v2\/types\/post"}],"author":[{"embeddable":true,"href":"https:\/\/blogs.laverdad.es\/primeraplana\/wp-json\/wp\/v2\/users\/11"}],"replies":[{"embeddable":true,"href":"https:\/\/blogs.laverdad.es\/primeraplana\/wp-json\/wp\/v2\/comments?post=965"}],"version-history":[{"count":0,"href":"https:\/\/blogs.laverdad.es\/primeraplana\/wp-json\/wp\/v2\/posts\/965\/revisions"}],"wp:attachment":[{"href":"https:\/\/blogs.laverdad.es\/primeraplana\/wp-json\/wp\/v2\/media?parent=965"}],"wp:term":[{"taxonomy":"category","embeddable":true,"href":"https:\/\/blogs.laverdad.es\/primeraplana\/wp-json\/wp\/v2\/categories?post=965"},{"taxonomy":"post_tag","embeddable":true,"href":"https:\/\/blogs.laverdad.es\/primeraplana\/wp-json\/wp\/v2\/tags?post=965"}],"curies":[{"name":"wp","href":"https:\/\/api.w.org\/{rel}","templated":true}]}}