{"id":972,"date":"2016-09-04T07:34:25","date_gmt":"2016-09-04T05:34:25","guid":{"rendered":"http:\/\/blogs.laverdad.es\/primeraplana\/?p=972"},"modified":"2016-09-04T07:34:25","modified_gmt":"2016-09-04T05:34:25","slug":"el-arte-nuevo-de-hacer-comedias","status":"publish","type":"post","link":"https:\/\/blogs.laverdad.es\/primeraplana\/2016\/09\/04\/el-arte-nuevo-de-hacer-comedias\/","title":{"rendered":"El arte nuevo de hacer comedias"},"content":{"rendered":"<p>Cuando en 1597 muri\u00f3 la infanta Catalina, hija de Felipe II, y se decret\u00f3 en se\u00f1al de duelo el cierre de los teatros p\u00fablicos de Madrid, los moralistas m\u00e1s conservadores intentaron que la clausura de los corrales de comedias fuese permanente con el argumento de que eran una escuela de comportamientos pecaminosos para un p\u00fablico incapaz de distinguir con claridad entre la ficci\u00f3n y la realidad. A ello respondi\u00f3 la Villa de Madrid con un escrito dirigido al Rey donde se contrapon\u00eda la funci\u00f3n pedag\u00f3gica de esas comedias que, a diferencia de las obras teatrales cl\u00e1sicas, congregaban a un abundante p\u00fablico. Frente a los detractores, el propio Lope de Vega argument\u00f3 no pocas veces que, al margen de su faceta l\u00fadica y festiva, la comedia nueva era una oportunidad para hacer al p\u00fablico part\u00edcipe de los hechos hist\u00f3ricos. Por fortuna, y por muy fuerte que a veces batieron las olas en estos siglos, el teatro sobrevivi\u00f3. Y sobrevivir\u00e1.<\/p>\n<p>Lo que resulta insoportable es la pr\u00e1ctica del arte del fingimiento fuera de los escenarios, sobre todo cuando se traslada a la arena pol\u00edtica y conduce a todo un pa\u00eds al limbo de un bloqueo institucional. Alg\u00fan dramaturgo con talento estar\u00e1 ya trabajando para llevar a las artes esc\u00e9nicas el tragic\u00f3mico episodio hist\u00f3rico que vive Espa\u00f1a desde el 20D. Inspir\u00e1ndose en Lope de Vega, quiz\u00e1s pueda explicar mejor que los polit\u00f3logos c\u00f3mo la pol\u00edtica espa\u00f1ola se ha convertido en el arte nuevo de hacer comedias de nuestro tiempo. Acerc\u00e1ndonos a los 300 d\u00edas con un Ejecutivo en funciones, ya estamos en camino de superar a Irak y Camboya en el \u2018ranking\u2019 de pa\u00edses con m\u00e1s d\u00edas sin Gobierno. Parece ficci\u00f3n pero es real. Y, a la vista de c\u00f3mo se suceden los acontecimientos, ya nadie que contemple desde la distancia lo que est\u00e1 ocurriendo puede estar seguro de las verdaderas intenciones de los partidos que protagonizan esta situaci\u00f3n ins\u00f3lita en nuestra historia democr\u00e1tica. Lo \u00fanico cierto es que, tras la fallida investidura de Rajoy, crece la posibilidad de que seamos convocados de nuevo a la urnas. Un tercer acto programado para el d\u00eda de Navidad de este \u2018teatrillo\u2019 que si se est\u00e1 haciendo interminable es quiz\u00e1 porque m\u00e1s de uno de los protagonistas se juega su supervivencia pol\u00edtica. Todo ello genera una palpable desmoralizaci\u00f3n c\u00edvica. Ya no solo porque fracasa otro intento tras unas segundas elecciones. Tambi\u00e9n por las formas que exhiben quienes son incapaces de alcanzar pactos. Cuesta digerir las acusaciones cruzadas de los principales partidos de querer provocar esa tercera llamada a las urnas y ver c\u00f3mo formaciones minoritarias, pero decisivas por la aritm\u00e9tica parlamentaria, han dicho sucesivamente no a Pedro S\u00e1nchez y no a Mariano Rajoy. El cruce de reproches que puso colof\u00f3n al segundo intento de investidura fue desalentador para una ciudadan\u00eda hastiada. Y no parece que nada vaya a cambiar hasta despu\u00e9s del 25 de septiembre, cuando las urnas vascas y gallegas quiz\u00e1 propicien un cambio de actitudes.<\/p>\n<p>En este contexto de bloqueo, de incertidumbre por la ausencia de un Gobierno central con plenas competencias, arranca precisamente un curso pol\u00edtico en la Regi\u00f3n de Murcia marcado por serios problemas de urgente resoluci\u00f3n, como el agua que reclaman los regantes para no perder sus cosechas. Va a tener que emplearse a fondo el presidente S\u00e1nchez para arrancar de la ministra en funciones una soluci\u00f3n que satisfaga a los agricultores. No est\u00e1n los \u00e1nimos para parches, sobre todo despu\u00e9s de la situaci\u00f3n creada en el Campo de Cartagena con el cierre de las desalobradoras que vert\u00edan nitratos al Mar Menor. S\u00e1nchez ha actuado con la contundencia debida para poner freno al alarmante deterioro de la laguna, pero, sorprendentemente, \u00e9l que parece ir siempre acelerado, lo ha hecho con tardanza excesiva. La puesta en valor del Mar Menor para impulsar el turismo estaba en la mente del Gobierno regional desde el pasado verano y ya entonces se conoc\u00eda en su gabinete de la existencia de la grave amenaza que estaban, desde hace a\u00f1os, ocasionando los vertidos en la rambla del Albuj\u00f3n. Si se hubiera empezado a actuar de forma integral hace un a\u00f1o, quiz\u00e1 se habr\u00eda logrado minimizar los da\u00f1os para la laguna y para los agricultores. No hay excusa posible para semejante error pol\u00edtico, que solo hallar\u00e1 remisi\u00f3n si el proceso de degradaci\u00f3n da muestras claras de regresi\u00f3n el pr\u00f3ximo verano. S\u00e1nchez sabe que se la juega y no cabe suponer que pierda de vista el problema. La clave est\u00e1 en si acierta en dise\u00f1ar una estrategia seria, respaldada por una ley regional, si es preciso, que ponga la conservaci\u00f3n de la fr\u00e1gil laguna en el centro del resto de consideraciones y que se base en el diagn\u00f3stico de expertos independientes. Algo que, como se podr\u00e1n imaginar, es mucho m\u00e1s complicado que regular las entradas de veh\u00edculos a Calblanque, lo que ha logrado este verano con acierto el Gobierno regional. Recuperar el Mar Menor y dise\u00f1ar una estrategia para su desarrollo sostenible deber\u00eda ser el asunto prioritario de debate de Gobierno y oposici\u00f3n cuando la Asamblea reanude su actividad.<\/p>\n<p>Hoy, Pedro Antonio S\u00e1nchez adelanta a \u2018La Verdad\u2019 su propuesta para que la Comunidad asuma, a trav\u00e9s de la reforma del Estatuto, las competencias en Costas, como ya tienen Andaluc\u00eda y Catalu\u00f1a. Una iniciativa atrevida que no dejar\u00e1 indiferente a nadie y que, a buen seguro, generar\u00e1 un intenso debate entre los grupos pol\u00edticos, los sectores productivos, ayuntamientos y organizaciones ecologistas. Para sacar adelante su plan necesitar\u00e1 apoyos en la Asamblea y luego el refrendo por mayor\u00eda absoluta en las Cortes. Tal y como est\u00e1n las cosas, no lo va a tener f\u00e1cil. Ni aqu\u00ed ni all\u00ed.<\/p>\n","protected":false},"excerpt":{"rendered":"<p>Cuando en 1597 muri\u00f3 la infanta Catalina, hija de Felipe II, y se decret\u00f3 en se\u00f1al de duelo el cierre de los teatros p\u00fablicos de Madrid, los moralistas m\u00e1s conservadores intentaron que la clausura de los corrales de comedias fuese permanente con el argumento de que eran una escuela de comportamientos pecaminosos para un p\u00fablico [&hellip;]<\/p>\n","protected":false},"author":11,"featured_media":0,"comment_status":"closed","ping_status":"open","sticky":false,"template":"","format":"standard","meta":[],"categories":[3],"tags":[202,203,204,188,190],"_links":{"self":[{"href":"https:\/\/blogs.laverdad.es\/primeraplana\/wp-json\/wp\/v2\/posts\/972"}],"collection":[{"href":"https:\/\/blogs.laverdad.es\/primeraplana\/wp-json\/wp\/v2\/posts"}],"about":[{"href":"https:\/\/blogs.laverdad.es\/primeraplana\/wp-json\/wp\/v2\/types\/post"}],"author":[{"embeddable":true,"href":"https:\/\/blogs.laverdad.es\/primeraplana\/wp-json\/wp\/v2\/users\/11"}],"replies":[{"embeddable":true,"href":"https:\/\/blogs.laverdad.es\/primeraplana\/wp-json\/wp\/v2\/comments?post=972"}],"version-history":[{"count":0,"href":"https:\/\/blogs.laverdad.es\/primeraplana\/wp-json\/wp\/v2\/posts\/972\/revisions"}],"wp:attachment":[{"href":"https:\/\/blogs.laverdad.es\/primeraplana\/wp-json\/wp\/v2\/media?parent=972"}],"wp:term":[{"taxonomy":"category","embeddable":true,"href":"https:\/\/blogs.laverdad.es\/primeraplana\/wp-json\/wp\/v2\/categories?post=972"},{"taxonomy":"post_tag","embeddable":true,"href":"https:\/\/blogs.laverdad.es\/primeraplana\/wp-json\/wp\/v2\/tags?post=972"}],"curies":[{"name":"wp","href":"https:\/\/api.w.org\/{rel}","templated":true}]}}