{"id":975,"date":"2016-09-11T08:12:05","date_gmt":"2016-09-11T06:12:05","guid":{"rendered":"http:\/\/blogs.laverdad.es\/primeraplana\/?p=975"},"modified":"2016-09-11T08:12:05","modified_gmt":"2016-09-11T06:12:05","slug":"cambalache","status":"publish","type":"post","link":"https:\/\/blogs.laverdad.es\/primeraplana\/2016\/09\/11\/cambalache\/","title":{"rendered":"Cambalache"},"content":{"rendered":"<p>Es sabido que Rajoy, incluso en los momentos en que se le acumula m\u00e1s peso muerto en los costados, goza de la flotabilidad del corcho. Lo debe tener muy interiorizado porque ni los suyos entienden la poca sensibilidad y sentido de la oportunidad demostrados, por apuntar algo suave, al designar ahora para el Banco Mundial al ministro que dimiti\u00f3 por mentir sobre sus negocios en para\u00edsos fiscales. Es verdad que ya puede estar el mar en llamas que el presidente en funciones encontrar\u00e1 un madero donde asirse y lanzar\u00e1 una presa propicia para distraer a los tiburones, si bien no hay \u2018baraka\u2019 que sobreviva una eternidad. Tras la rebeli\u00f3n en el PP, encabezada por el \u2018bar\u00f3n\u2019 gallego que en dos semanas se la juega en las urnas, toda la presi\u00f3n se ha descargado sobre los hombros del ministro De Guindos, que no poca responsabilidad tiene en este asunto. Ya no solo por la designaci\u00f3n, finalmente frustrada, sino por las justificaciones posteriores que hasta ahora se han demostrado alejadas de la realidad. Como en la pel\u00edcula \u2018Danzad, danzad, malditos\u2019, en este marat\u00f3n de desgobierno vencer\u00e1 quien haya aguantado m\u00e1s tiempo en pie al final del baile. Y para ello est\u00e1 contraindicado el sobrepeso pol\u00edtico. Rajoy lo sabe. Que se lo pregunten a Alberto Ruiz Gallard\u00f3n, un verso suelto que se quem\u00f3 (o lo quemaron) a lo bonzo ante la indiferencia de los \u2018sorayos\u2019, la facci\u00f3n tecn\u00f3crata del Ejecutivo, y el G5 (los ministros cuyo mayor activo pol\u00edtico previo era su amistad con Rajoy). Si ya hab\u00eda colocado a Gallard\u00f3n en el Consejo de Estado, a Wert en la embajada parisina de la OCDE y a Ca\u00f1ete como comisario europeo, no era de extra\u00f1ar que Rajoy acabara dando el pl\u00e1cet al exministro con el que trab\u00f3 amistad cuando frecuentemente viajaba a Canarias para visitar a su padre. Pero qui\u00e9n pod\u00eda imaginar que el presidente en funciones, a quien se tiene como un consumado estratega de los tiempos pol\u00edticos, har\u00eda saber del nombramiento de Soria minutos despu\u00e9s de su fracasada investidura. Y sin avergonzarse un \u00e1pice.<br \/>\nPedro S\u00e1nchez tambi\u00e9n ha tejido su propio galimat\u00edas. Desorientado en su particular tri\u00e1ngulo de las Bermudas (no a Rajoy, no a nuevas elecciones y no a un gobierno con Podemos e independentistas), ahora se ha subido al carrusel de una ronda de contactos sin postularse como alternativa, una iniciativa que no acaban de entender ni sus afines y que parece exclusivamente centrada en desprenderse de la etiqueta de Mr. No, para no aparecer ante la opini\u00f3n p\u00fablica como el principal obst\u00e1culo para la gobernabilidad de Espa\u00f1a. En este par\u00e9ntesis hasta las gallegas y vascas, las aguas tambi\u00e9n comienzan a bajar turbulentas en Podemos, donde el liderazgo en Madrid ha vuelto a reflejar las divergencias estrat\u00e9gicas entre Pablo Iglesias e \u00cd\u00f1igo Errej\u00f3n. En mayor o menor medida, el desgaste ya alcanza a todos los l\u00edderes.<br \/>\nProblem\u00e1tico y febril. El oto\u00f1o pol\u00edtico que est\u00e1 por escribir tiene letra de tango, pero en los prol\u00e9gomenos se baila al ritmo de la yenka, un pasito para adelante, un pasito para atr\u00e1s. Ciudadanos, que se contornea lateralmente, primero a la izquierda y luego a la derecha, o al rev\u00e9s, ya ha protagonizado su primera cabriola de la temporada en la Regi\u00f3n. En cuesti\u00f3n de horas, firma con PSOE y Podemos una propuesta para cambiar el modelo de la TV auton\u00f3mica que luego retira. Todo un esperpento como lo fue la espantada del \u2018pacto del Moneo\u2019. Esto de tomar una decisi\u00f3n y luego calcular sus costes pol\u00edticos y econ\u00f3micos es contagioso: Podemos y PSOE han cifrado el impacto financiero de su nueva televisi\u00f3n como el Gobierno regional cuantific\u00f3 los beneficios laborales y econ\u00f3micos de las competencias de Costas. A ojo de buen cubero. Todo vale para preservar la buena imagen ante los respectivos. Como encomendarse a la Virgen de las Huertas, como hizo la consejera de Agricultura, para traer agua a los campos. O decir \u2018no\u2019 al proyecto de Puerto Mayor y encargar un informe a la UMU que desaconseja la pasarela del Mar Menor y luego preguntar a los ba\u00f1istas por las playas si quieren un puerto deportivo y una pasarela. Estamos en la antesala de un oto\u00f1o pol\u00edtico con torrencial gota fr\u00eda. Con posibles elecciones en diciembre, la oposici\u00f3n prepara una estrategia de duro desgaste al PP en la Asamblea. Olv\u00eddense de los nuevos pactos de San Esteban. Hasta aqu\u00ed lleg\u00f3 la tregua estival.<\/p>\n","protected":false},"excerpt":{"rendered":"<p>Es sabido que Rajoy, incluso en los momentos en que se le acumula m\u00e1s peso muerto en los costados, goza de la flotabilidad del corcho. Lo debe tener muy interiorizado porque ni los suyos entienden la poca sensibilidad y sentido de la oportunidad demostrados, por apuntar algo suave, al designar ahora para el Banco Mundial [&hellip;]<\/p>\n","protected":false},"author":11,"featured_media":0,"comment_status":"closed","ping_status":"open","sticky":false,"template":"","format":"standard","meta":[],"categories":[3],"tags":[],"_links":{"self":[{"href":"https:\/\/blogs.laverdad.es\/primeraplana\/wp-json\/wp\/v2\/posts\/975"}],"collection":[{"href":"https:\/\/blogs.laverdad.es\/primeraplana\/wp-json\/wp\/v2\/posts"}],"about":[{"href":"https:\/\/blogs.laverdad.es\/primeraplana\/wp-json\/wp\/v2\/types\/post"}],"author":[{"embeddable":true,"href":"https:\/\/blogs.laverdad.es\/primeraplana\/wp-json\/wp\/v2\/users\/11"}],"replies":[{"embeddable":true,"href":"https:\/\/blogs.laverdad.es\/primeraplana\/wp-json\/wp\/v2\/comments?post=975"}],"version-history":[{"count":0,"href":"https:\/\/blogs.laverdad.es\/primeraplana\/wp-json\/wp\/v2\/posts\/975\/revisions"}],"wp:attachment":[{"href":"https:\/\/blogs.laverdad.es\/primeraplana\/wp-json\/wp\/v2\/media?parent=975"}],"wp:term":[{"taxonomy":"category","embeddable":true,"href":"https:\/\/blogs.laverdad.es\/primeraplana\/wp-json\/wp\/v2\/categories?post=975"},{"taxonomy":"post_tag","embeddable":true,"href":"https:\/\/blogs.laverdad.es\/primeraplana\/wp-json\/wp\/v2\/tags?post=975"}],"curies":[{"name":"wp","href":"https:\/\/api.w.org\/{rel}","templated":true}]}}