{"id":977,"date":"2016-09-13T04:45:40","date_gmt":"2016-09-13T02:45:40","guid":{"rendered":"http:\/\/blogs.laverdad.es\/primeraplana\/?p=977"},"modified":"2016-09-13T04:45:40","modified_gmt":"2016-09-13T02:45:40","slug":"aena-pasa-de-san-javier","status":"publish","type":"post","link":"https:\/\/blogs.laverdad.es\/primeraplana\/2016\/09\/13\/aena-pasa-de-san-javier\/","title":{"rendered":"Aena pasa de San Javier"},"content":{"rendered":"<p>En el verano en que ha vuelto a batirse una llegada r\u00e9cord de turistas a Espa\u00f1a, el aeropuerto alicantino de El Altet increment\u00f3 en agosto un 14,8% el n\u00famero de pasajeros respecto a 2015 mientras que el de San Javier baj\u00f3 un 7,2%. Pero Aena, que gestiona ambos aeropuertos p\u00fablicos, achaca a las compa\u00f1\u00edas a\u00e9reas el baj\u00f3n de tr\u00e1fico en el aer\u00f3dromo murciano, pese a su \u00ablabor constante de marketing aeroportuario\u00bb. Suena a excusa barata. A balones fuera. Mientras no pierda dinero, San Javier recibir\u00e1 la atenci\u00f3n justa de Aena, que potencia todo cuanto puede El Altet para recuperar la millonaria inversi\u00f3n realizada en su nueva terminal. Lo m\u00e1s penoso es que ning\u00fan responsable pol\u00edtico en la Regi\u00f3n le pida cuentas a Aena de su gesti\u00f3n aeroportuaria. Menuda ayuda nos presta para impulsar el turismo. <\/p>\n","protected":false},"excerpt":{"rendered":"<p>En el verano en que ha vuelto a batirse una llegada r\u00e9cord de turistas a Espa\u00f1a, el aeropuerto alicantino de El Altet increment\u00f3 en agosto un 14,8% el n\u00famero de pasajeros respecto a 2015 mientras que el de San Javier baj\u00f3 un 7,2%. Pero Aena, que gestiona ambos aeropuertos p\u00fablicos, achaca a las compa\u00f1\u00edas a\u00e9reas [&hellip;]<\/p>\n","protected":false},"author":11,"featured_media":0,"comment_status":"closed","ping_status":"open","sticky":false,"template":"","format":"standard","meta":[],"categories":[36],"tags":[121,122,205,206,207],"_links":{"self":[{"href":"https:\/\/blogs.laverdad.es\/primeraplana\/wp-json\/wp\/v2\/posts\/977"}],"collection":[{"href":"https:\/\/blogs.laverdad.es\/primeraplana\/wp-json\/wp\/v2\/posts"}],"about":[{"href":"https:\/\/blogs.laverdad.es\/primeraplana\/wp-json\/wp\/v2\/types\/post"}],"author":[{"embeddable":true,"href":"https:\/\/blogs.laverdad.es\/primeraplana\/wp-json\/wp\/v2\/users\/11"}],"replies":[{"embeddable":true,"href":"https:\/\/blogs.laverdad.es\/primeraplana\/wp-json\/wp\/v2\/comments?post=977"}],"version-history":[{"count":0,"href":"https:\/\/blogs.laverdad.es\/primeraplana\/wp-json\/wp\/v2\/posts\/977\/revisions"}],"wp:attachment":[{"href":"https:\/\/blogs.laverdad.es\/primeraplana\/wp-json\/wp\/v2\/media?parent=977"}],"wp:term":[{"taxonomy":"category","embeddable":true,"href":"https:\/\/blogs.laverdad.es\/primeraplana\/wp-json\/wp\/v2\/categories?post=977"},{"taxonomy":"post_tag","embeddable":true,"href":"https:\/\/blogs.laverdad.es\/primeraplana\/wp-json\/wp\/v2\/tags?post=977"}],"curies":[{"name":"wp","href":"https:\/\/api.w.org\/{rel}","templated":true}]}}