{"id":979,"date":"2016-09-14T09:38:39","date_gmt":"2016-09-14T07:38:39","guid":{"rendered":"http:\/\/blogs.laverdad.es\/primeraplana\/?p=979"},"modified":"2016-09-14T09:38:39","modified_gmt":"2016-09-14T07:38:39","slug":"adios-a-un-luchador-infatigable","status":"publish","type":"post","link":"https:\/\/blogs.laverdad.es\/primeraplana\/2016\/09\/14\/adios-a-un-luchador-infatigable\/","title":{"rendered":"Adi\u00f3s a un luchador infatigable"},"content":{"rendered":"<p>No supe de la grave enfermedad que hab\u00eda superado hac\u00eda veinte a\u00f1os hasta que lo revel\u00f3 este verano en una entrevista en \u2018La Verdad\u2019, pero no me sorprendi\u00f3 que fuera un hecho in\u00e9dito porque Jos\u00e9 Manuel Claver era un luchador infatigable que concentr\u00f3 todas sus fuerzas en las \u00faltimas d\u00e9cadas de su vida p\u00fablica en batallar por los derechos colectivos de los regantes del Sureste. La Regi\u00f3n ha perdido a su mejor baluarte en su justa lucha por el agua, al hombre que defendi\u00f3 el Trasvase Tajo-Segura con una firmeza ejemplar, una solidez argumental imbatible y un apabullante conocimiento jur\u00eddico y t\u00e9cnico sobre la legislaci\u00f3n hidrol\u00f3gica. Como no pod\u00eda ser de otra manera, su fallecimiento caus\u00f3 ayer una profunda consternaci\u00f3n. Tambi\u00e9n en \u2018La Verdad\u2019. Nuestro m\u00e1s sentido p\u00e9same a su familia y a los regantes.<\/p>\n","protected":false},"excerpt":{"rendered":"<p>No supe de la grave enfermedad que hab\u00eda superado hac\u00eda veinte a\u00f1os hasta que lo revel\u00f3 este verano en una entrevista en \u2018La Verdad\u2019, pero no me sorprendi\u00f3 que fuera un hecho in\u00e9dito porque Jos\u00e9 Manuel Claver era un luchador infatigable que concentr\u00f3 todas sus fuerzas en las \u00faltimas d\u00e9cadas de su vida p\u00fablica en [&hellip;]<\/p>\n","protected":false},"author":11,"featured_media":0,"comment_status":"closed","ping_status":"open","sticky":false,"template":"","format":"standard","meta":[],"categories":[3],"tags":[],"_links":{"self":[{"href":"https:\/\/blogs.laverdad.es\/primeraplana\/wp-json\/wp\/v2\/posts\/979"}],"collection":[{"href":"https:\/\/blogs.laverdad.es\/primeraplana\/wp-json\/wp\/v2\/posts"}],"about":[{"href":"https:\/\/blogs.laverdad.es\/primeraplana\/wp-json\/wp\/v2\/types\/post"}],"author":[{"embeddable":true,"href":"https:\/\/blogs.laverdad.es\/primeraplana\/wp-json\/wp\/v2\/users\/11"}],"replies":[{"embeddable":true,"href":"https:\/\/blogs.laverdad.es\/primeraplana\/wp-json\/wp\/v2\/comments?post=979"}],"version-history":[{"count":0,"href":"https:\/\/blogs.laverdad.es\/primeraplana\/wp-json\/wp\/v2\/posts\/979\/revisions"}],"wp:attachment":[{"href":"https:\/\/blogs.laverdad.es\/primeraplana\/wp-json\/wp\/v2\/media?parent=979"}],"wp:term":[{"taxonomy":"category","embeddable":true,"href":"https:\/\/blogs.laverdad.es\/primeraplana\/wp-json\/wp\/v2\/categories?post=979"},{"taxonomy":"post_tag","embeddable":true,"href":"https:\/\/blogs.laverdad.es\/primeraplana\/wp-json\/wp\/v2\/tags?post=979"}],"curies":[{"name":"wp","href":"https:\/\/api.w.org\/{rel}","templated":true}]}}