{"id":980,"date":"2016-09-18T08:15:29","date_gmt":"2016-09-18T06:15:29","guid":{"rendered":"http:\/\/blogs.laverdad.es\/primeraplana\/?p=980"},"modified":"2016-09-18T08:15:29","modified_gmt":"2016-09-18T06:15:29","slug":"luces-largas-2","status":"publish","type":"post","link":"https:\/\/blogs.laverdad.es\/primeraplana\/2016\/09\/18\/luces-largas-2\/","title":{"rendered":"Luces largas"},"content":{"rendered":"<p><strong>La falta de sensibilidad medioambiental y un oportunista negacionismo fueron los polvos que trajeron estos lodos al Mar Menor. El Gobierno regional deber\u00eda ir pensando en estrategias de adaptaci\u00f3n al cambio clim\u00e1tico <\/strong><\/p>\n<p>La Regi\u00f3n de Murcia tiene ante s\u00ed un panorama muy complicado en los pr\u00f3ximos meses porque afronta dos retos may\u00fasculos, la sequ\u00eda, que asfixia a la agricultura, y la recuperaci\u00f3n medioambiental del Mar Menor. El acuerdo entre Pedro Antonio S\u00e1nchez y la ministra Tejerina ha rebajado la angustia de los agricultores, aunque lo pactado era el m\u00ednimo que cab\u00eda esperar del Ministerio estando la cuenca del Segura rozando el nivel de alerta y la zona regable del Trasvase muy cerca del nivel de alarma. No prorrogar el decreto de sequ\u00eda en estas circunstancias habr\u00eda sido injustificable y escandaloso, pero hasta lo m\u00e1s b\u00e1sico parece que cuesta una enormidad. Ha tenido que haber una amenaza de manifestaci\u00f3n de los regantes en Madrid y mucha presi\u00f3n pol\u00edtica desde Murcia para que incluso se autorizaran los 10,4 hect\u00f3metros c\u00fabicos que se precisaban con urgencia. Y eso que la compraventa de caudales iba a estar blindada con el Memor\u00e1ndum del Trasvase.<\/p>\n<p>      A nadie le puede sorprender, por tanto, la preocupaci\u00f3n y el malestar acumulado por los regantes: los automatismos en las reglas de explotaci\u00f3n y las cesiones de agua, todo te\u00f3ricamente dotado de una mayor seguridad jur\u00eddica, eran el dulce que suavizaba el amargo tr\u00e1gala del aumento de la reserva no trasvasable del Tajo. A partir de enero, en virtud del discutido Memor\u00e1ndum, la reserva subir\u00e1 hasta los 368 hm3. Un a\u00f1o despu\u00e9s ya ser\u00e1 de 400 hm3. De continuar el ciclo seco y el escenario de subidas de temperaturas, como todos los modelos cient\u00edficos apuntan, podr\u00edamos llegar al \u2018trasvase cero\u2019 antes de que fructifique un hipot\u00e9tico Pacto Nacional del Agua.<\/p>\n<p>     El compromiso del Ministerio para agilizar la apertura de pozos del Sinclinal de Calasparra y la puesta en marcha al m\u00e1ximo de tres desaladoras pueden servir para garantizar el agua hasta primavera si se aplica con celeridad y eficacia. Pero no deja de ser una soluci\u00f3n provisional para una situaci\u00f3n de emergencia. La mejor noticia ser\u00eda hoy un cambio en el r\u00e9gimen de lluvias que traiga agua, aqu\u00ed y en la cabecera del Tajo, lo que en principio descarta la Aemet, que pronostica un oto\u00f1o seco en un escenario clim\u00e1tico de aumento de temperaturas. Por ese motivo, al margen de solucionar los problemas urgentes y plantear alternativas para el d\u00e9ficit de recursos h\u00eddricos, el Gobierno regional deber\u00eda conectar las luces largas e ir pensando en estrategias de adaptaci\u00f3n al cambio clim\u00e1tico si no queremos que implosione el sector agroalimentario o se pongan en riesgo joyas medioambientales como el Mar Menor, cuya degradaci\u00f3n por los vertidos de nitratos se ha acelerado con el aumento de temperaturas, que este verano alcanzaron los 32,5 grados en sus aguas.<\/p>\n<p>      Ha hecho bien el Gobierno regional en poner en manos de un comit\u00e9 de cient\u00edficos el control de la evoluci\u00f3n de la laguna. Que los an\u00e1lisis del paciente sean supervisados y se hagan p\u00fablicos aportan seriedad y tranquilidad. En el pasado ya se han cometido demasiados errores menospreciando la informaci\u00f3n de los expertos. Lo que estaba sucediendo en el Mar Menor con los vertidos de nitratos hab\u00eda quedado en 2010 explicitado en el esquema de temas importantes del Plan de Cuenca del Segura que aprob\u00f3 la Confederaci\u00f3n Hidrogr\u00e1fica. La respuesta del entonces consejero Cerd\u00e1 es que esos datos no ten\u00edan rigor cient\u00edfico y que no se reducir\u00edan los regad\u00edos. \u00abEl Mar Menor est\u00e1 mejor que nunca\u00bb, dijo. La falta de sensibilidad medioambiental y un oportunista negacionismo fueron los polvos que trajeron estos lodos.<\/p>\n<p>     Entramos en el cuarto a\u00f1o de un ciclo de sequ\u00eda. La Organizaci\u00f3n Mundial de Meteorolog\u00eda advirti\u00f3 este viernes de que las \u00abextraordinarias temperaturas\u00bb de este verano a nivel global est\u00e1n \u00abllamadas a convertirse en la nueva norma\u00bb. Se puede mirar hacia otro lado o actuar con responsabilidad. En el pasado no ha existido un seguimiento coordinado de la evoluci\u00f3n medioambiental del Mar Menor y no se puede afirmar, por tanto, que hoy est\u00e1 mejor que ayer. Solo que est\u00e1 m\u00e1s protegido que antes del verano, afortunadamente. Mejor eso que la desidia de anta\u00f1o. Su evoluci\u00f3n es una inc\u00f3gnita, pero se est\u00e1 a tiempo de evitar el desastre si se mantiene la constancia y el rigor en la b\u00fasqueda de estrategias que conjuguen la preservaci\u00f3n de la laguna y de la agricultura del Campo de Cartagena.<\/p>\n","protected":false},"excerpt":{"rendered":"<p>La falta de sensibilidad medioambiental y un oportunista negacionismo fueron los polvos que trajeron estos lodos al Mar Menor. El Gobierno regional deber\u00eda ir pensando en estrategias de adaptaci\u00f3n al cambio clim\u00e1tico La Regi\u00f3n de Murcia tiene ante s\u00ed un panorama muy complicado en los pr\u00f3ximos meses porque afronta dos retos may\u00fasculos, la sequ\u00eda, que [&hellip;]<\/p>\n","protected":false},"author":11,"featured_media":0,"comment_status":"closed","ping_status":"open","sticky":false,"template":"","format":"standard","meta":[],"categories":[3],"tags":[],"_links":{"self":[{"href":"https:\/\/blogs.laverdad.es\/primeraplana\/wp-json\/wp\/v2\/posts\/980"}],"collection":[{"href":"https:\/\/blogs.laverdad.es\/primeraplana\/wp-json\/wp\/v2\/posts"}],"about":[{"href":"https:\/\/blogs.laverdad.es\/primeraplana\/wp-json\/wp\/v2\/types\/post"}],"author":[{"embeddable":true,"href":"https:\/\/blogs.laverdad.es\/primeraplana\/wp-json\/wp\/v2\/users\/11"}],"replies":[{"embeddable":true,"href":"https:\/\/blogs.laverdad.es\/primeraplana\/wp-json\/wp\/v2\/comments?post=980"}],"version-history":[{"count":0,"href":"https:\/\/blogs.laverdad.es\/primeraplana\/wp-json\/wp\/v2\/posts\/980\/revisions"}],"wp:attachment":[{"href":"https:\/\/blogs.laverdad.es\/primeraplana\/wp-json\/wp\/v2\/media?parent=980"}],"wp:term":[{"taxonomy":"category","embeddable":true,"href":"https:\/\/blogs.laverdad.es\/primeraplana\/wp-json\/wp\/v2\/categories?post=980"},{"taxonomy":"post_tag","embeddable":true,"href":"https:\/\/blogs.laverdad.es\/primeraplana\/wp-json\/wp\/v2\/tags?post=980"}],"curies":[{"name":"wp","href":"https:\/\/api.w.org\/{rel}","templated":true}]}}