{"id":981,"date":"2016-09-29T02:20:30","date_gmt":"2016-09-29T00:20:30","guid":{"rendered":"http:\/\/blogs.laverdad.es\/primeraplana\/?p=981"},"modified":"2016-09-29T02:20:30","modified_gmt":"2016-09-29T00:20:30","slug":"la-mejor-alternativa-para-bmn","status":"publish","type":"post","link":"https:\/\/blogs.laverdad.es\/primeraplana\/2016\/09\/29\/la-mejor-alternativa-para-bmn\/","title":{"rendered":"La mejor alternativa para BMN"},"content":{"rendered":"<p>El FROB anunci\u00f3 ayer que estudiar\u00e1 la fusi\u00f3n de Bankia y BMN, una operaci\u00f3n que puede ser la primera de una segunda ola de integraciones financieras en Espa\u00f1a. El presidente del BCE, Mario Draghi, ya advirti\u00f3 este lunes de la necesidad de esa consolidaci\u00f3n bancaria en el conjunto de la Eurozona ante la ca\u00edda de la rentabilidad de muchas entidades, asfixiadas por los actuales bajos tipos de inter\u00e9s. La posible operaci\u00f3n, que no ser\u00eda inmediata porque deber\u00e1n pronunciarse el FROB, el BCE y el Gobierno, es la mejor alternativa para BMN en el actual contexto europeo, donde ya han desaparecido las cajas (excepto en Alemania) y quedar\u00e1n cinco o seis bancos por pa\u00eds. BMN mantendr\u00eda su red de oficinas en la Regi\u00f3n (la de Bankia es inapreciable), el empleo y la Fundaci\u00f3n Cajamurcia (con los dividendos de la entidad resultante).<\/p>\n","protected":false},"excerpt":{"rendered":"<p>El FROB anunci\u00f3 ayer que estudiar\u00e1 la fusi\u00f3n de Bankia y BMN, una operaci\u00f3n que puede ser la primera de una segunda ola de integraciones financieras en Espa\u00f1a. El presidente del BCE, Mario Draghi, ya advirti\u00f3 este lunes de la necesidad de esa consolidaci\u00f3n bancaria en el conjunto de la Eurozona ante la ca\u00edda de [&hellip;]<\/p>\n","protected":false},"author":11,"featured_media":0,"comment_status":"closed","ping_status":"open","sticky":false,"template":"","format":"standard","meta":[],"categories":[3],"tags":[],"_links":{"self":[{"href":"https:\/\/blogs.laverdad.es\/primeraplana\/wp-json\/wp\/v2\/posts\/981"}],"collection":[{"href":"https:\/\/blogs.laverdad.es\/primeraplana\/wp-json\/wp\/v2\/posts"}],"about":[{"href":"https:\/\/blogs.laverdad.es\/primeraplana\/wp-json\/wp\/v2\/types\/post"}],"author":[{"embeddable":true,"href":"https:\/\/blogs.laverdad.es\/primeraplana\/wp-json\/wp\/v2\/users\/11"}],"replies":[{"embeddable":true,"href":"https:\/\/blogs.laverdad.es\/primeraplana\/wp-json\/wp\/v2\/comments?post=981"}],"version-history":[{"count":0,"href":"https:\/\/blogs.laverdad.es\/primeraplana\/wp-json\/wp\/v2\/posts\/981\/revisions"}],"wp:attachment":[{"href":"https:\/\/blogs.laverdad.es\/primeraplana\/wp-json\/wp\/v2\/media?parent=981"}],"wp:term":[{"taxonomy":"category","embeddable":true,"href":"https:\/\/blogs.laverdad.es\/primeraplana\/wp-json\/wp\/v2\/categories?post=981"},{"taxonomy":"post_tag","embeddable":true,"href":"https:\/\/blogs.laverdad.es\/primeraplana\/wp-json\/wp\/v2\/tags?post=981"}],"curies":[{"name":"wp","href":"https:\/\/api.w.org\/{rel}","templated":true}]}}