{"id":983,"date":"2016-09-25T07:56:35","date_gmt":"2016-09-25T05:56:35","guid":{"rendered":"http:\/\/blogs.laverdad.es\/primeraplana\/?p=983"},"modified":"2016-09-25T07:56:35","modified_gmt":"2016-09-25T05:56:35","slug":"acuacaos","status":"publish","type":"post","link":"https:\/\/blogs.laverdad.es\/primeraplana\/2016\/09\/25\/acuacaos\/","title":{"rendered":"Acuacaos"},"content":{"rendered":"<p>El G5, el grupo de ministros que lo son o lo fueron por ser  fundamentalmente amigos o antiguos colaboradores de Rajoy, se puede dividir en dos. Los que en privado tienen cierto gracejo (Arias Ca\u00f1ete y Garc\u00eda Margallo) y los que tienen poco o ninguno (Fern\u00e1ndez D\u00edaz, Ana Pastor y Jos\u00e9 Manuel Soria). Al exministro de Agricultura y hoy comisario de Energ\u00eda, una persona muy simp\u00e1tica en la distancia corta, no le hizo mucha gracia una informaci\u00f3n que firm\u00e9 hace quince a\u00f1os en \u2018ABC\u2019 sobre una presunta irregularidad de su director general de Ganader\u00eda (dimiti\u00f3 horas despu\u00e9s), pero Ca\u00f1ete no perd\u00eda la compostura y el buen humor (el chiste consisti\u00f3 en que a su defenestrado colaborador le nombr\u00f3 meses despu\u00e9s presidente de una empresa p\u00fablica). El problema surge cuando uno se va y deja tras de s\u00ed, siendo el principal responsable, un problem\u00f3n que no tiene la menor gracia para sus colaboradores. Ese ambiente se respira en el Ministerio de Agricultura por el caso judicial de Acuamed, la empresa estatal de las desaladoras. En el centro de la  operaci\u00f3n \u2018Frontino\u2019, que investiga irregularidades en la contrataci\u00f3n de la conducci\u00f3n de Cerro Colorado (Lorca) y en otros seis proyectos, se sit\u00faa la figura del exdirector general de Acuamed, Arcadio Mateo, hombre de confianza de Ca\u00f1ete y pr\u00f3ximo a Cospedal. Su gesti\u00f3n bajo sospecha ha arrastrado hasta la Audiencia Nacional a la directora general del Agua y al exsecretario de Estado de Medio Ambiente, que tuvieron m\u00e1s de un encontronazo con Mateo, que el exministro sol\u00eda resolver a su favor. \u00abEst\u00e1 claro que su nombramiento fue un error\u00bb, declar\u00f3 la ministra Tejerina, a cuya mesa lleg\u00f3 recientemente una auditoria externa que revela un agujero extra de 17 millones en otras obras de Acuamed. La soluci\u00f3n gestada para garantizar el agua que necesitan los regantes murcianos hasta primavera pasa por poner al m\u00e1ximo tres desaladoras de Acuamed, que est\u00e1 descabezada, en la pr\u00e1ctica intervenida por orden judicial y con los denunciantes de las irregularidades internas temiendo represalias. En suma, una situaci\u00f3n ca\u00f3tica en el momento m\u00e1s inoportuno.<\/p>\n","protected":false},"excerpt":{"rendered":"<p>El G5, el grupo de ministros que lo son o lo fueron por ser fundamentalmente amigos o antiguos colaboradores de Rajoy, se puede dividir en dos. Los que en privado tienen cierto gracejo (Arias Ca\u00f1ete y Garc\u00eda Margallo) y los que tienen poco o ninguno (Fern\u00e1ndez D\u00edaz, Ana Pastor y Jos\u00e9 Manuel Soria). Al exministro [&hellip;]<\/p>\n","protected":false},"author":11,"featured_media":0,"comment_status":"closed","ping_status":"open","sticky":false,"template":"","format":"standard","meta":[],"categories":[3],"tags":[],"_links":{"self":[{"href":"https:\/\/blogs.laverdad.es\/primeraplana\/wp-json\/wp\/v2\/posts\/983"}],"collection":[{"href":"https:\/\/blogs.laverdad.es\/primeraplana\/wp-json\/wp\/v2\/posts"}],"about":[{"href":"https:\/\/blogs.laverdad.es\/primeraplana\/wp-json\/wp\/v2\/types\/post"}],"author":[{"embeddable":true,"href":"https:\/\/blogs.laverdad.es\/primeraplana\/wp-json\/wp\/v2\/users\/11"}],"replies":[{"embeddable":true,"href":"https:\/\/blogs.laverdad.es\/primeraplana\/wp-json\/wp\/v2\/comments?post=983"}],"version-history":[{"count":0,"href":"https:\/\/blogs.laverdad.es\/primeraplana\/wp-json\/wp\/v2\/posts\/983\/revisions"}],"wp:attachment":[{"href":"https:\/\/blogs.laverdad.es\/primeraplana\/wp-json\/wp\/v2\/media?parent=983"}],"wp:term":[{"taxonomy":"category","embeddable":true,"href":"https:\/\/blogs.laverdad.es\/primeraplana\/wp-json\/wp\/v2\/categories?post=983"},{"taxonomy":"post_tag","embeddable":true,"href":"https:\/\/blogs.laverdad.es\/primeraplana\/wp-json\/wp\/v2\/tags?post=983"}],"curies":[{"name":"wp","href":"https:\/\/api.w.org\/{rel}","templated":true}]}}