{"id":987,"date":"2016-10-05T13:43:05","date_gmt":"2016-10-05T11:43:05","guid":{"rendered":"http:\/\/blogs.laverdad.es\/primeraplana\/?p=987"},"modified":"2016-10-05T13:43:05","modified_gmt":"2016-10-05T11:43:05","slug":"ocupados","status":"publish","type":"post","link":"https:\/\/blogs.laverdad.es\/primeraplana\/2016\/10\/05\/ocupados\/","title":{"rendered":"Ocupados"},"content":{"rendered":"<p>Leo que la diputada andaluza Ver\u00f3nica P\u00e9rez, que se autoerigi\u00f3 en la m\u00e1xima autoridad del PSOE a las puertas de Ferraz, lleva 17 a\u00f1os cobrando sueldos p\u00fablicos y que no ha tenido actividad profesional fuera de la pol\u00edtica, en la que entr\u00f3 con 18 a\u00f1os. No es un caso aislado. Hay numerosos ejemplos a diestra y siniestra, empezando por la propia ministra de Trabajo. En la Regi\u00f3n tampoco faltan. El crecimiento econ\u00f3mico se ralentiza y el paro vuelve a arrojar cifras preocupantes, pero, habida cuenta que muchos se juegan su propio tajo, prevalecen otro tipo de cuitas. Y as\u00ed, el PP escudri\u00f1a si el efecto del caso \u2018G\u00fcrtel\u2019 y otros de corrupci\u00f3n est\u00e1n amortizados en la opini\u00f3n publica, el PSOE sopesa los costes de una abstenci\u00f3n a Rajoy frente a unas terceras elecciones y Podemos amaga con llevar la inestabilidad institucional a varias Comunidades.<\/p>\n","protected":false},"excerpt":{"rendered":"<p>Leo que la diputada andaluza Ver\u00f3nica P\u00e9rez, que se autoerigi\u00f3 en la m\u00e1xima autoridad del PSOE a las puertas de Ferraz, lleva 17 a\u00f1os cobrando sueldos p\u00fablicos y que no ha tenido actividad profesional fuera de la pol\u00edtica, en la que entr\u00f3 con 18 a\u00f1os. No es un caso aislado. Hay numerosos ejemplos a diestra [&hellip;]<\/p>\n","protected":false},"author":11,"featured_media":0,"comment_status":"closed","ping_status":"open","sticky":false,"template":"","format":"standard","meta":[],"categories":[36],"tags":[],"_links":{"self":[{"href":"https:\/\/blogs.laverdad.es\/primeraplana\/wp-json\/wp\/v2\/posts\/987"}],"collection":[{"href":"https:\/\/blogs.laverdad.es\/primeraplana\/wp-json\/wp\/v2\/posts"}],"about":[{"href":"https:\/\/blogs.laverdad.es\/primeraplana\/wp-json\/wp\/v2\/types\/post"}],"author":[{"embeddable":true,"href":"https:\/\/blogs.laverdad.es\/primeraplana\/wp-json\/wp\/v2\/users\/11"}],"replies":[{"embeddable":true,"href":"https:\/\/blogs.laverdad.es\/primeraplana\/wp-json\/wp\/v2\/comments?post=987"}],"version-history":[{"count":0,"href":"https:\/\/blogs.laverdad.es\/primeraplana\/wp-json\/wp\/v2\/posts\/987\/revisions"}],"wp:attachment":[{"href":"https:\/\/blogs.laverdad.es\/primeraplana\/wp-json\/wp\/v2\/media?parent=987"}],"wp:term":[{"taxonomy":"category","embeddable":true,"href":"https:\/\/blogs.laverdad.es\/primeraplana\/wp-json\/wp\/v2\/categories?post=987"},{"taxonomy":"post_tag","embeddable":true,"href":"https:\/\/blogs.laverdad.es\/primeraplana\/wp-json\/wp\/v2\/tags?post=987"}],"curies":[{"name":"wp","href":"https:\/\/api.w.org\/{rel}","templated":true}]}}