{"id":991,"date":"2016-10-09T08:54:09","date_gmt":"2016-10-09T06:54:09","guid":{"rendered":"http:\/\/blogs.laverdad.es\/primeraplana\/?p=991"},"modified":"2016-10-09T08:54:09","modified_gmt":"2016-10-09T06:54:09","slug":"pintan-bastos-2","status":"publish","type":"post","link":"https:\/\/blogs.laverdad.es\/primeraplana\/2016\/10\/09\/pintan-bastos-2\/","title":{"rendered":"Pintan bastos"},"content":{"rendered":"<p>La descarnada guerra por el poder en el PSOE entre los sanchistas y los barones cr\u00edticos se ha desvelado como una crisis m\u00e1s profunda que dif\u00edcilmente encontrar\u00eda soluci\u00f3n con un congreso extraordinario y nuevas primarias. Si este partido est\u00e1 abocado a un debate m\u00e1s profundo en un congreso de refundaci\u00f3n se sabr\u00e1 con el tiempo, pero est\u00e1 claro que la brecha no obedece solo a una dicotom\u00eda entre el \u2018no es no\u2019 a Rajoy y una abstenci\u00f3n en la investidura para recomponerse en la oposici\u00f3n. Al partido que m\u00e1s se parec\u00eda a Espa\u00f1a le han achicado los espacios Ciudadanos y Podemos, que le intenta arrebatar cuando le conviene las se\u00f1as de identidad de la socialdemocracia. El PSOE es el partido que m\u00e1s ha avanzado en democracia interna, aunque eso no le ha servido para ganar elecciones porque la legitimaci\u00f3n interna que confiere la elecci\u00f3n directa por las bases, como se ha visto, no garantiza un liderazgo s\u00f3lido. Ni dentro ni fuera del partido. M\u00e1s a\u00fan en una organizaci\u00f3n poco propicia a la cohesi\u00f3n ideol\u00f3gica porque est\u00e1 estructurada con un modelo ideado en los a\u00f1os 70, donde cada federaci\u00f3n intenta imponer sus propios mensajes e intereses territoriales en un juego de equilibrios con la ejecutiva federal. Esta disputa interna perjudica seriamente a los socialistas murcianos en sus expectativas, dado que evoca directamente a sus propias batallas, aquellas que le hicieron perder el poder y luego la empat\u00eda social. Al PSOE le lastra en la regi\u00f3n m\u00e1s espa\u00f1ola la indefinici\u00f3n de su modelo territorial, basado en un apuesta por el federalismo que nadie sabe explicar, y la ausencia de un criterio unitario en asuntos territoriales que son clave para Murcia, como la pol\u00edtica hidrol\u00f3gica, totalmente dependiente del trasvase Tajo-Segura. Ahora que pintan bastos, el PSRM no puede obviar su particular reflexi\u00f3n. Gran parte de su poder municipal depende de un vol\u00e1til apoyo de Podemos. Si el PP no logr\u00f3 solucionar las grandes carencias de los murcianos en 20 a\u00f1os, y sigue siendo de lejos el partido con m\u00e1s respaldo social, es obvio que el PSRM se lo tiene que mirar a fondo. Siempre que quiera ser un partido de mayor\u00edas y alternativa de gobierno.<\/p>\n","protected":false},"excerpt":{"rendered":"<p>La descarnada guerra por el poder en el PSOE entre los sanchistas y los barones cr\u00edticos se ha desvelado como una crisis m\u00e1s profunda que dif\u00edcilmente encontrar\u00eda soluci\u00f3n con un congreso extraordinario y nuevas primarias. Si este partido est\u00e1 abocado a un debate m\u00e1s profundo en un congreso de refundaci\u00f3n se sabr\u00e1 con el tiempo, [&hellip;]<\/p>\n","protected":false},"author":11,"featured_media":0,"comment_status":"closed","ping_status":"open","sticky":false,"template":"","format":"standard","meta":[],"categories":[3],"tags":[],"_links":{"self":[{"href":"https:\/\/blogs.laverdad.es\/primeraplana\/wp-json\/wp\/v2\/posts\/991"}],"collection":[{"href":"https:\/\/blogs.laverdad.es\/primeraplana\/wp-json\/wp\/v2\/posts"}],"about":[{"href":"https:\/\/blogs.laverdad.es\/primeraplana\/wp-json\/wp\/v2\/types\/post"}],"author":[{"embeddable":true,"href":"https:\/\/blogs.laverdad.es\/primeraplana\/wp-json\/wp\/v2\/users\/11"}],"replies":[{"embeddable":true,"href":"https:\/\/blogs.laverdad.es\/primeraplana\/wp-json\/wp\/v2\/comments?post=991"}],"version-history":[{"count":0,"href":"https:\/\/blogs.laverdad.es\/primeraplana\/wp-json\/wp\/v2\/posts\/991\/revisions"}],"wp:attachment":[{"href":"https:\/\/blogs.laverdad.es\/primeraplana\/wp-json\/wp\/v2\/media?parent=991"}],"wp:term":[{"taxonomy":"category","embeddable":true,"href":"https:\/\/blogs.laverdad.es\/primeraplana\/wp-json\/wp\/v2\/categories?post=991"},{"taxonomy":"post_tag","embeddable":true,"href":"https:\/\/blogs.laverdad.es\/primeraplana\/wp-json\/wp\/v2\/tags?post=991"}],"curies":[{"name":"wp","href":"https:\/\/api.w.org\/{rel}","templated":true}]}}