{"id":992,"date":"2016-10-14T00:30:21","date_gmt":"2016-10-13T22:30:21","guid":{"rendered":"http:\/\/blogs.laverdad.es\/primeraplana\/?p=992"},"modified":"2016-10-14T00:30:21","modified_gmt":"2016-10-13T22:30:21","slug":"don-vito-por-carceleras","status":"publish","type":"post","link":"https:\/\/blogs.laverdad.es\/primeraplana\/2016\/10\/14\/don-vito-por-carceleras\/","title":{"rendered":"&#039;Don Vito&#039;, por carceleras"},"content":{"rendered":"<p>En tono monocorde y sin guitarra, como mandan los c\u00e1nones de este palo flamenco, ayer Francisco Correa se arranc\u00f3 a cantar por carceleras en el juicio de la &#8216;G\u00fcrtel&#8217;. En pos de una rebaja en su condena, el artista del trinque tambi\u00e9n conocido como \u2018Don Vito\u2019 cogi\u00f3 el martinete y enton\u00f3 una copla que salpica a B\u00e1rcenas, Ana Mato, su exmarido Jes\u00fas Sep\u00falveda y varios exalcaldes populares de la Comunidad de Madrid en todo tipo de trapicheos castigados por el C\u00f3digo Penal. Aunque Correa enmarc\u00f3 sus negocios en la etapa de Aznar, cuando \u00abG\u00e9nova era su casa\u00bb, los mismos que apelan hoy a la responsabilidad del PSOE en la b\u00fasqueda del desbloqueo institucional deber\u00edan asumir las propias por la existencia de esas corruptelas que presuntamente sirvieron para financiar el partido. Todav\u00eda ni siquiera se ha o\u00eddo una petici\u00f3n de disculpas a la ciudadan\u00eda.<\/p>\n","protected":false},"excerpt":{"rendered":"<p>En tono monocorde y sin guitarra, como mandan los c\u00e1nones de este palo flamenco, ayer Francisco Correa se arranc\u00f3 a cantar por carceleras en el juicio de la &#8216;G\u00fcrtel&#8217;. En pos de una rebaja en su condena, el artista del trinque tambi\u00e9n conocido como \u2018Don Vito\u2019 cogi\u00f3 el martinete y enton\u00f3 una copla que salpica [&hellip;]<\/p>\n","protected":false},"author":11,"featured_media":0,"comment_status":"closed","ping_status":"open","sticky":false,"template":"","format":"standard","meta":[],"categories":[3],"tags":[],"_links":{"self":[{"href":"https:\/\/blogs.laverdad.es\/primeraplana\/wp-json\/wp\/v2\/posts\/992"}],"collection":[{"href":"https:\/\/blogs.laverdad.es\/primeraplana\/wp-json\/wp\/v2\/posts"}],"about":[{"href":"https:\/\/blogs.laverdad.es\/primeraplana\/wp-json\/wp\/v2\/types\/post"}],"author":[{"embeddable":true,"href":"https:\/\/blogs.laverdad.es\/primeraplana\/wp-json\/wp\/v2\/users\/11"}],"replies":[{"embeddable":true,"href":"https:\/\/blogs.laverdad.es\/primeraplana\/wp-json\/wp\/v2\/comments?post=992"}],"version-history":[{"count":0,"href":"https:\/\/blogs.laverdad.es\/primeraplana\/wp-json\/wp\/v2\/posts\/992\/revisions"}],"wp:attachment":[{"href":"https:\/\/blogs.laverdad.es\/primeraplana\/wp-json\/wp\/v2\/media?parent=992"}],"wp:term":[{"taxonomy":"category","embeddable":true,"href":"https:\/\/blogs.laverdad.es\/primeraplana\/wp-json\/wp\/v2\/categories?post=992"},{"taxonomy":"post_tag","embeddable":true,"href":"https:\/\/blogs.laverdad.es\/primeraplana\/wp-json\/wp\/v2\/tags?post=992"}],"curies":[{"name":"wp","href":"https:\/\/api.w.org\/{rel}","templated":true}]}}