{"id":249,"date":"2018-12-11T21:31:30","date_gmt":"2018-12-11T21:31:30","guid":{"rendered":"https:\/\/blogs.laverdad.es\/sargentoemilia\/?p=249"},"modified":"2018-12-11T21:31:30","modified_gmt":"2018-12-11T21:31:30","slug":"contranarrativa","status":"publish","type":"post","link":"https:\/\/blogs.laverdad.es\/sargentoemilia\/2018\/12\/11\/contranarrativa\/","title":{"rendered":"Contranarrativa"},"content":{"rendered":"<p>Paula es Guardia Civil:<br \/>\nDurante su infancia, su madre no paraba de repetirle que los d\u00edas se\u00f1alados ten\u00eda que ponerse falda. Cuando entr\u00f3 en el cuerpo, tard\u00f3 en comprender que pod\u00eda ser tan profesional como sus compa\u00f1eros varones. Decidi\u00f3 ascender y, para luchar contra los prejuicios, tuvo que esforzarse e implicarse m\u00e1s que los dem\u00e1s. Ella, ahora sabe que su empresa le puede ofrecer grandes oportunidades laborales y tiene claro cuales son sus prioridades pero no est\u00e1 dispuesta a mendigar que se le tenga en cuenta. Hace poco, le propusieron ser la cara bonita de la Guardia Civil, para gestionar las comunicaciones con los medios, pero ella prefiere especializarse en ciberdefensa. Con sus conocimientos y habilidades tecnol\u00f3gicas, se ha ganado el respeto de sus compa\u00f1eros que alucinan con su aplomo y su grado de compromiso.<\/p>\n<p>Laura es Polic\u00eda Nacional:<br \/>\nSu novio de la adolescencia no quer\u00eda que trabajara. Es rubia y le resbalan los chistes de rubias y los comentarios machistas. El deporte de competici\u00f3n le llev\u00f3 a opositar para ser polic\u00eda. A pesar de ser muy independiente ha entendido que en un cuerpo jerarquizado, la disciplina es necesaria. Pero durante sus a\u00f1os de servicio no ha dejado de aportar ideas y de emprender iniciativas para mejorar la eficacia y la imagen de su organizaci\u00f3n policial. A ella le encanta entender el porqu\u00e9 de lo que hace y conf\u00eda en la formaci\u00f3n para alcanzar sus metas . Estuvo de misi\u00f3n en Haiti y a su regreso decidi\u00f3 hacerse piloto de helic\u00f3pteros. Es heterosexual y no necesita referentes masculinos para crecer como persona. En el trabajo, se siente querida y todos conf\u00edan en su criterio. Es un modelo a seguir para los polic\u00edas de nuevo ingreso.<\/p>\n<p>Elena es Polic\u00eda Local:<br \/>\nSus padres quer\u00edan que hubiera estudiado enfermer\u00eda: una profesi\u00f3n que consideraban femenina. Eligi\u00f3 opositar porque ten\u00eda vocaci\u00f3n de servicio pero sabe que con su entusiasmo y su fuerza de voluntad pod\u00eda haber desempe\u00f1ado cualquier otro oficio. No envidia ni la estatura ni la corpulencia de algunos de sus compa\u00f1eros. Ha comprobado que la mejor herramienta del polic\u00eda no es la fuerza f\u00edsica sino su capacidad de decisi\u00f3n, sus dotes de persuasi\u00f3n y su habilidad con la escritura. Siente debilidad por la inteligencia y trabaja a pie de calle, defini\u00e9ndose como una solucionadora de problemas. Despu\u00e9s de a\u00f1os de servicio, ha llegado a la conclusi\u00f3n de que la ciudadan\u00eda no entiende el concepto de democracia. No busca afectos en su trabajo y le importa poco el que dir\u00e1n. Para ella es muy importante su tiempo libre y el poder disfrutar de su familia. A lo largo de los a\u00f1os ha esquivado a muchos babosos pero tambi\u00e9n ha hecho muchos amigos. A pesar de las adversidades, que le ha deparado la vida, se niega a tener miedo y a sentirse v\u00edctima por ser mujer.<\/p>\n","protected":false},"excerpt":{"rendered":"<p>Paula es Guardia Civil: Durante su infancia, su madre no paraba de repetirle que los d\u00edas se\u00f1alados ten\u00eda que ponerse falda. Cuando entr\u00f3 en el cuerpo, tard\u00f3 en comprender que pod\u00eda ser tan profesional como sus compa\u00f1eros varones. Decidi\u00f3 ascender y, para luchar contra los prejuicios, tuvo que esforzarse e implicarse m\u00e1s que los dem\u00e1s. [&hellip;]<\/p>\n","protected":false},"author":22,"featured_media":0,"comment_status":"open","ping_status":"open","sticky":false,"template":"","format":"standard","meta":[],"categories":[3],"tags":[99,98,101,100,47,4],"_links":{"self":[{"href":"https:\/\/blogs.laverdad.es\/sargentoemilia\/wp-json\/wp\/v2\/posts\/249"}],"collection":[{"href":"https:\/\/blogs.laverdad.es\/sargentoemilia\/wp-json\/wp\/v2\/posts"}],"about":[{"href":"https:\/\/blogs.laverdad.es\/sargentoemilia\/wp-json\/wp\/v2\/types\/post"}],"author":[{"embeddable":true,"href":"https:\/\/blogs.laverdad.es\/sargentoemilia\/wp-json\/wp\/v2\/users\/22"}],"replies":[{"embeddable":true,"href":"https:\/\/blogs.laverdad.es\/sargentoemilia\/wp-json\/wp\/v2\/comments?post=249"}],"version-history":[{"count":3,"href":"https:\/\/blogs.laverdad.es\/sargentoemilia\/wp-json\/wp\/v2\/posts\/249\/revisions"}],"predecessor-version":[{"id":252,"href":"https:\/\/blogs.laverdad.es\/sargentoemilia\/wp-json\/wp\/v2\/posts\/249\/revisions\/252"}],"wp:attachment":[{"href":"https:\/\/blogs.laverdad.es\/sargentoemilia\/wp-json\/wp\/v2\/media?parent=249"}],"wp:term":[{"taxonomy":"category","embeddable":true,"href":"https:\/\/blogs.laverdad.es\/sargentoemilia\/wp-json\/wp\/v2\/categories?post=249"},{"taxonomy":"post_tag","embeddable":true,"href":"https:\/\/blogs.laverdad.es\/sargentoemilia\/wp-json\/wp\/v2\/tags?post=249"}],"curies":[{"name":"wp","href":"https:\/\/api.w.org\/{rel}","templated":true}]}}