{"id":667,"date":"2023-10-13T18:35:22","date_gmt":"2023-10-13T18:35:22","guid":{"rendered":"https:\/\/blogs.laverdad.es\/sargentoemilia\/?p=667"},"modified":"2023-10-13T18:37:15","modified_gmt":"2023-10-13T18:37:15","slug":"incorporacion-de-las-mujeres-a-las-fuerzas-armadas","status":"publish","type":"post","link":"https:\/\/blogs.laverdad.es\/sargentoemilia\/2023\/10\/13\/incorporacion-de-las-mujeres-a-las-fuerzas-armadas\/","title":{"rendered":"Incorporaci\u00f3n de las mujeres a las Fuerzas Armadas"},"content":{"rendered":"<p>En los actos del 35 aniversario de la incorporaci\u00f3n de la mujer a las fuerzas armadas, varias f\u00e9minas de diferentes cuerpos y escalas contaron, en primera persona, sus experiencias a lo largo de sus dilatadas carreras militares. Entre ellas, estaba la \u00faltima mujer que ha ascendido al grado de General y que es ingeniero aeron\u00e1utico y pertenece al ej\u00e9rcito del aire y del Espacio. Tambi\u00e9n una teniente coronel de zapadores que tuvo la oportunidad de mandar un batall\u00f3n que constru\u00eda puentes y realizaba trabajos extraordinarios de ingenier\u00eda en todos los continentes. Una Brigada de la Armada que ha recorrido el mundo en todo tipo de embarcaciones militares, participando en misiones de paz y de control de la pirater\u00eda. Una Capit\u00e1n enfermera de cuerpos comunes que explic\u00f3 su dif\u00edcil tarea, en territorios rec\u00f3nditos de imposible acceso, curando aldeanos en unas condiciones terribles y pr\u00e1cticamente inimaginables. Una cabo primero del Ej\u00e9rcito del aire, integrante de la PAPEA que ha estado compitiendo a nivel internacional como paracaidista, representando a Espa\u00f1a y que posteriormente se integr\u00f3 en el escuadr\u00f3n de apoyo al despliegue a\u00e9reo, realizando misiones por todo el mundo. Una soldado del Ej\u00e9rcito de Tierra que ha estado destacada en Mali, combatiendo contra la yihad. Una alf\u00e9rez alumna que confirmaba que ve\u00eda en estas mujeres un ejemplo a seguir. Un ejemplo basado en el compromiso, la generosidad y los valores.<br \/>\nDejando de lado ideolog\u00edas y trastornos varios, si tienes la oportunidad de ver el video en el que una mujer militar se lanza en paraca\u00eddas con una bandera de Espa\u00f1a, que ha de desplegar venciendo el efecto vela, para aterrizar en un punto concreto de la plaza de Neptuno de Madrid con motivo del d\u00eda de la hispanidad, se te quitan todos los prejuicios sobre las capacidades de las mujeres.<br \/>\nLa contranarrativa, que es lo que se ha hecho en este acto militar, es una t\u00e1ctica de combate que consiste en contar que otra realidad existe y que tal vez las cosas no son como damos por hecho. Por ello es un buen instrumento de lucha contra los prejuicios y el imaginario machista que, por nuestra educaci\u00f3n, todos y todas tenemos interiorizado como inamovible y que torpemente se viene reforzando presentando a las mujeres como seres d\u00e9biles, equiparados a ni\u00f1os y ancianos.<\/p>\n","protected":false},"excerpt":{"rendered":"<p>En los actos del 35 aniversario de la incorporaci\u00f3n de la mujer a las fuerzas armadas, varias f\u00e9minas de diferentes cuerpos y escalas contaron, en primera persona, sus experiencias a lo largo de sus dilatadas carreras militares. Entre ellas, estaba la \u00faltima mujer que ha ascendido al grado de General y que es ingeniero aeron\u00e1utico [&hellip;]<\/p>\n","protected":false},"author":22,"featured_media":668,"comment_status":"open","ping_status":"open","sticky":false,"template":"","format":"standard","meta":[],"categories":[3],"tags":[411,413,99,416,63,408,417,415,410,409,32,414,38,47,170,418,412],"_links":{"self":[{"href":"https:\/\/blogs.laverdad.es\/sargentoemilia\/wp-json\/wp\/v2\/posts\/667"}],"collection":[{"href":"https:\/\/blogs.laverdad.es\/sargentoemilia\/wp-json\/wp\/v2\/posts"}],"about":[{"href":"https:\/\/blogs.laverdad.es\/sargentoemilia\/wp-json\/wp\/v2\/types\/post"}],"author":[{"embeddable":true,"href":"https:\/\/blogs.laverdad.es\/sargentoemilia\/wp-json\/wp\/v2\/users\/22"}],"replies":[{"embeddable":true,"href":"https:\/\/blogs.laverdad.es\/sargentoemilia\/wp-json\/wp\/v2\/comments?post=667"}],"version-history":[{"count":2,"href":"https:\/\/blogs.laverdad.es\/sargentoemilia\/wp-json\/wp\/v2\/posts\/667\/revisions"}],"predecessor-version":[{"id":670,"href":"https:\/\/blogs.laverdad.es\/sargentoemilia\/wp-json\/wp\/v2\/posts\/667\/revisions\/670"}],"wp:featuredmedia":[{"embeddable":true,"href":"https:\/\/blogs.laverdad.es\/sargentoemilia\/wp-json\/wp\/v2\/media\/668"}],"wp:attachment":[{"href":"https:\/\/blogs.laverdad.es\/sargentoemilia\/wp-json\/wp\/v2\/media?parent=667"}],"wp:term":[{"taxonomy":"category","embeddable":true,"href":"https:\/\/blogs.laverdad.es\/sargentoemilia\/wp-json\/wp\/v2\/categories?post=667"},{"taxonomy":"post_tag","embeddable":true,"href":"https:\/\/blogs.laverdad.es\/sargentoemilia\/wp-json\/wp\/v2\/tags?post=667"}],"curies":[{"name":"wp","href":"https:\/\/api.w.org\/{rel}","templated":true}]}}