{"id":672,"date":"2024-03-06T19:18:03","date_gmt":"2024-03-06T19:18:03","guid":{"rendered":"https:\/\/blogs.laverdad.es\/sargentoemilia\/?p=672"},"modified":"2024-03-06T19:18:03","modified_gmt":"2024-03-06T19:18:03","slug":"dia-internacional-de-la-mujer-2024","status":"publish","type":"post","link":"https:\/\/blogs.laverdad.es\/sargentoemilia\/2024\/03\/06\/dia-internacional-de-la-mujer-2024\/","title":{"rendered":"D\u00eda internacional de la mujer 2024"},"content":{"rendered":"<p>Con motivo del Patr\u00f3n de la Polic\u00eda Local, se ha organizado, como todos los a\u00f1os, varias actividades l\u00fadicas, que han finalizado en comida entre compa\u00f1eros.<br \/>\nEste a\u00f1o, ha aumentado, considerablemente, el n\u00famero de mujeres polic\u00edas que se han apuntado y que han compartido actividad y mantel con sus compa\u00f1eros polic\u00edas. Los encuentros han sido un jolgorio, con intercambio de presentaciones, an\u00e9cdotas y opiniones, en el que las mujeres no han desentonado y han estado all\u00ed, a la altura de cualquier tipo de conversaci\u00f3n o broma, que viniera al caso.<br \/>\nNada que ver con lo que ocurr\u00eda, hace ya casi 40 a\u00f1os, cuando sentada en una mesa, los polic\u00edas, ignor\u00e1ndote, te miraban con extra\u00f1eza pensando aquello de: \u201c \u00bfque andar\u00e1 buscando esta?\u201d, mientras otros te dec\u00edan claramente, a la cara, que t\u00fa no pintabas nada all\u00ed.<br \/>\nEn aquel entonces, el m\u00e1s atrevido, que adem\u00e1s pretend\u00eda hacerse el gracioso, terminaba por murmurarte o por exclamar para ser o\u00eddo: \u201cNena, t\u00fa eres un poco rab\u00faa o nena: t\u00fa tienes buen culo. Tambi\u00e9n, con comportamientos paternalistas, se cre\u00edan obligados a darte consejos de tipo: \u201dtienes que aprender a ver, o\u00edr y callar\u201d\u00a0 o a predecir: &#8221; en menos de un par de\u00a0 meses, estaras en alguna oficina&#8221;. Lo rid\u00edculo era que la mayor\u00eda de los compa\u00f1eros se declaraban solteros, aunque tuvieran en casa a su mujer y a media docena de reto\u00f1os.\u201d<br \/>\nActualmente la caballerosidad, aunque la palabra suene anticuada, no ha desaparecido. Todos mis compa\u00f1eros estaban muy atentos a las necesidades de las chicas, pero ellas tampoco se quedaban atr\u00e1s. Se re\u00edan y bromeaban sin complejo. Les contradec\u00edan o les gastaban bromas, sin miedo a que se pudieran molestar. Porque ya no son esas mujeres que buscan la aprobaci\u00f3n del otro sexo y que se hacen las tontas para que los hombres se sientan seguros, importantes, fuertes e irresistibles.<br \/>\nLo cierto es que me lo he pasado muy bien, siempre me he sentido sola, en estos eventos, en medio de tanto chico.<br \/>\nEstas mujeres se han convertido en un ejemplo, para todas aquellas que creen realmente en la igualdad de derechos y oportunidades.<\/p>\n<p>Los modelos de fortaleza son imprescindibles y son la base de una nueva estrategia, para conseguir cambiar las mentalidades.<br \/>\nY como dicen los franceses, que afirman que hombres y mujeres no son exactamente iguales: \u201cVive la diff\u00e9rence\u201d.<\/p>\n","protected":false},"excerpt":{"rendered":"<p>Con motivo del Patr\u00f3n de la Polic\u00eda Local, se ha organizado, como todos los a\u00f1os, varias actividades l\u00fadicas, que han finalizado en comida entre compa\u00f1eros. Este a\u00f1o, ha aumentado, considerablemente, el n\u00famero de mujeres polic\u00edas que se han apuntado y que han compartido actividad y mantel con sus compa\u00f1eros polic\u00edas. Los encuentros han sido un [&hellip;]<\/p>\n","protected":false},"author":22,"featured_media":674,"comment_status":"open","ping_status":"open","sticky":false,"template":"","format":"standard","meta":[],"categories":[3],"tags":[419,421,32,47,15,422,4,420,423],"_links":{"self":[{"href":"https:\/\/blogs.laverdad.es\/sargentoemilia\/wp-json\/wp\/v2\/posts\/672"}],"collection":[{"href":"https:\/\/blogs.laverdad.es\/sargentoemilia\/wp-json\/wp\/v2\/posts"}],"about":[{"href":"https:\/\/blogs.laverdad.es\/sargentoemilia\/wp-json\/wp\/v2\/types\/post"}],"author":[{"embeddable":true,"href":"https:\/\/blogs.laverdad.es\/sargentoemilia\/wp-json\/wp\/v2\/users\/22"}],"replies":[{"embeddable":true,"href":"https:\/\/blogs.laverdad.es\/sargentoemilia\/wp-json\/wp\/v2\/comments?post=672"}],"version-history":[{"count":6,"href":"https:\/\/blogs.laverdad.es\/sargentoemilia\/wp-json\/wp\/v2\/posts\/672\/revisions"}],"predecessor-version":[{"id":680,"href":"https:\/\/blogs.laverdad.es\/sargentoemilia\/wp-json\/wp\/v2\/posts\/672\/revisions\/680"}],"wp:featuredmedia":[{"embeddable":true,"href":"https:\/\/blogs.laverdad.es\/sargentoemilia\/wp-json\/wp\/v2\/media\/674"}],"wp:attachment":[{"href":"https:\/\/blogs.laverdad.es\/sargentoemilia\/wp-json\/wp\/v2\/media?parent=672"}],"wp:term":[{"taxonomy":"category","embeddable":true,"href":"https:\/\/blogs.laverdad.es\/sargentoemilia\/wp-json\/wp\/v2\/categories?post=672"},{"taxonomy":"post_tag","embeddable":true,"href":"https:\/\/blogs.laverdad.es\/sargentoemilia\/wp-json\/wp\/v2\/tags?post=672"}],"curies":[{"name":"wp","href":"https:\/\/api.w.org\/{rel}","templated":true}]}}