{"id":682,"date":"2024-07-28T09:23:06","date_gmt":"2024-07-28T09:23:06","guid":{"rendered":"https:\/\/blogs.laverdad.es\/sargentoemilia\/?p=682"},"modified":"2024-07-28T09:23:06","modified_gmt":"2024-07-28T09:23:06","slug":"la-estrategia-del-machismo","status":"publish","type":"post","link":"https:\/\/blogs.laverdad.es\/sargentoemilia\/2024\/07\/28\/la-estrategia-del-machismo\/","title":{"rendered":"La estrategia del machismo"},"content":{"rendered":"<p>El proceso para conseguir la igualdad real entre hombres y mujeres o, como algunos auguran, la desaparici\u00f3n de los g\u00e9neros, ha necesitado de una estrategia, sin paliativos.<br \/>\nSe ha partido de una estad\u00edstica, poco relevante, pero que horroriza a la opini\u00f3n p\u00fablica, como son los asesinatos de mujeres.<br \/>\nPol\u00edticamente, se ha decidido que el machismo es la causa \u00fanica de esos asesinatos, que tendr\u00e1 que darse necesariamente entre un agresor var\u00f3n y una v\u00edctima mujer, unidos por una relaci\u00f3n afectivo\/sexual.<br \/>\nLa idea, a pesar de ser estrafalaria, ha calado en la ciudadan\u00eda que parece, por fin, haber ca\u00eddo en la cuenta de que nuestra sociedad es machista, que la violencia psicol\u00f3gica tambi\u00e9n es violencia y que esta suele ejercerla el fuerte sobre el d\u00e9bil.<\/p>\n<p>El machismo ha dejado, as\u00ed, de ser una correlaci\u00f3n, con la complicidad de los psic\u00f3logos, y se ha certificado como causa \u00fanica e incuestionable, de la violencia de g\u00e9nero.<br \/>\nConvertida dicha afirmaci\u00f3n en dogma, ha sido necesario propagarlo de forma sistem\u00e1tica y transversal, a trav\u00e9s de los medios de comunicaci\u00f3n, de las redes, las instituciones, los centros de ense\u00f1anzas y sanitarios, de los juzgados, de las fuerzas y cuerpos de seguridad, los ej\u00e9rcitos y como no de la publicidad.<br \/>\nSe pasa as\u00ed a obviar que existan otras causas para esa violencia de la convivencia y la ruptura, como pueden ser: las adicciones, las enfermedades mentales, las depresiones o las situaciones l\u00edmites, como el deterioro cognitivo o la pobreza extrema y las rivalidades e inter\u00e9s econ\u00f3micos, que solo se valorar\u00e1n si el agresor es mujer. Tambi\u00e9n se obvia las personalidades psicop\u00e1ticas, narcisistas o violentas.<\/p>\n<p>El dogma, como estrategia, se ha implantado mediante:<br \/>\n&#8211; la generalizaci\u00f3n y el manique\u00edsmo (los hombres vs las mujeres, los buenos vs los malos, los progres vs los fachas.)<br \/>\n&#8211; la simplificaci\u00f3n (el machismo)<br \/>\n&#8211; La repetici\u00f3n (campa\u00f1as, cursos, bombardeo de informaci\u00f3n y desinformaci\u00f3n)<br \/>\n&#8211; La victimizaci\u00f3n (la palabra mujer se asocia obligatoriamente a pu\u00f1o, hematomas y maltrato)<br \/>\n&#8211; El populismo (vamos a acabar con esta lacre, ni una m\u00e1s, la denuncia y la polic\u00eda son la soluci\u00f3n, al maltratador ni agua)<br \/>\n&#8211; Tambi\u00e9n la modificaci\u00f3n de la legislaci\u00f3n, incluso contraviniendo algunos principios b\u00e1sicos del Derecho y la creaci\u00f3n de juzgados especializados que se han convertido en jaulas de grillos.<br \/>\n&#8211; Los procedimientos procesales y policiales se han aligerados con automatismos, que pueden ser terriblemente injustos y destructivos al regular la detenci\u00f3n,\u00a0 el cese de la convivencia o la custodia de los hijos.<br \/>\nEste machaque, que defiende que el fin justifica los medios, ciertamente, ha visibilizado el machismo y las desigualdades que le acompa\u00f1an, pero no ha impedido que los cr\u00edmenes sean cada vez m\u00e1s numerosos y crueles y que muchos hombres se sientan violentados.<\/p>\n<p>En una sociedad individualista y hedonista, la ciudadan\u00eda se est\u00e1 volviendo cada vez m\u00e1s narcisista, de ah\u00ed que muchos sientan la necesidad de humillar a la persona que les acompa\u00f1a, en su historia de vida. Los narcisistas son seres egoc\u00e9ntricos y ego\u00edstas que exigen, sin dar nada a cambio y que son expertos en chantaje emocional.<br \/>\nSon esos, y m\u00e1s raramente esas, los que ocupan las portadas cuando matan a sus progenitores, s\u00f3lo por resultarles molestos o que deciden, unilateralmente, suicidarse llev\u00e1ndose a la tumba a su pareja y a hijos, vecinos o familiares cercanos.<br \/>\nClaro que el narcisista puede ser machista o no, pero lo que le hace peligroso es la percepci\u00f3n que tiene de la realidad y de los agravios que \u00e9l o ella creen estar sufriendo, porque ellos, los narcisistas, son las v\u00edctimas.<\/p>\n","protected":false},"excerpt":{"rendered":"<p>El proceso para conseguir la igualdad real entre hombres y mujeres o, como algunos auguran, la desaparici\u00f3n de los g\u00e9neros, ha necesitado de una estrategia, sin paliativos. Se ha partido de una estad\u00edstica, poco relevante, pero que horroriza a la opini\u00f3n p\u00fablica, como son los asesinatos de mujeres. Pol\u00edticamente, se ha decidido que el machismo [&hellip;]<\/p>\n","protected":false},"author":22,"featured_media":683,"comment_status":"open","ping_status":"open","sticky":false,"template":"","format":"standard","meta":[],"categories":[3],"tags":[425,426,415,424,32,38,387,51,427,94,91],"_links":{"self":[{"href":"https:\/\/blogs.laverdad.es\/sargentoemilia\/wp-json\/wp\/v2\/posts\/682"}],"collection":[{"href":"https:\/\/blogs.laverdad.es\/sargentoemilia\/wp-json\/wp\/v2\/posts"}],"about":[{"href":"https:\/\/blogs.laverdad.es\/sargentoemilia\/wp-json\/wp\/v2\/types\/post"}],"author":[{"embeddable":true,"href":"https:\/\/blogs.laverdad.es\/sargentoemilia\/wp-json\/wp\/v2\/users\/22"}],"replies":[{"embeddable":true,"href":"https:\/\/blogs.laverdad.es\/sargentoemilia\/wp-json\/wp\/v2\/comments?post=682"}],"version-history":[{"count":2,"href":"https:\/\/blogs.laverdad.es\/sargentoemilia\/wp-json\/wp\/v2\/posts\/682\/revisions"}],"predecessor-version":[{"id":685,"href":"https:\/\/blogs.laverdad.es\/sargentoemilia\/wp-json\/wp\/v2\/posts\/682\/revisions\/685"}],"wp:featuredmedia":[{"embeddable":true,"href":"https:\/\/blogs.laverdad.es\/sargentoemilia\/wp-json\/wp\/v2\/media\/683"}],"wp:attachment":[{"href":"https:\/\/blogs.laverdad.es\/sargentoemilia\/wp-json\/wp\/v2\/media?parent=682"}],"wp:term":[{"taxonomy":"category","embeddable":true,"href":"https:\/\/blogs.laverdad.es\/sargentoemilia\/wp-json\/wp\/v2\/categories?post=682"},{"taxonomy":"post_tag","embeddable":true,"href":"https:\/\/blogs.laverdad.es\/sargentoemilia\/wp-json\/wp\/v2\/tags?post=682"}],"curies":[{"name":"wp","href":"https:\/\/api.w.org\/{rel}","templated":true}]}}