{"id":687,"date":"2024-08-27T19:28:43","date_gmt":"2024-08-27T19:28:43","guid":{"rendered":"https:\/\/blogs.laverdad.es\/sargentoemilia\/?p=687"},"modified":"2024-08-27T19:28:43","modified_gmt":"2024-08-27T19:28:43","slug":"armas-blancas","status":"publish","type":"post","link":"https:\/\/blogs.laverdad.es\/sargentoemilia\/2024\/08\/27\/armas-blancas\/","title":{"rendered":"Armas blancas"},"content":{"rendered":"<p>Hace veinte a\u00f1os, cuando se empezaron a multiplicar los delitos por Internet, muchos estudiosos y te\u00f3ricos de la Seguridad P\u00fablica empezaron a afirmar que, en un futuro, el mundo del delito ser\u00eda digital. Vaticinaban la desaparici\u00f3n de los delitos, que denominaban primitivos. El ser humano, gracias a la formaci\u00f3n y la tecnolog\u00eda, dejar\u00eda as\u00ed de agredir al pr\u00f3jimo f\u00edsicamente, para atacar su psique y controlar la voluntad de unas v\u00edctimas cada vez m\u00e1s infantilizadas, tuteladas por las instituciones y abrumadas por la complejidad de la tecnolog\u00eda. Las estafas, cada vez m\u00e1s sofisticadas, har\u00edan as\u00ed desaparecer la violencia del cuerpo a cuerpo, para reducirse al enga\u00f1o.<br \/>\nEn las diferentes polic\u00edas, mientras los ingenuos formadores cobraban por explicar sus teor\u00edas de tesis doctoral, ya se intu\u00eda el aumento, en un principio insignificante, de las reyertas con arma blanca, con la finalidad de conseguir un bot\u00edn, con la intenci\u00f3n de ajustar unas cuentas entre socios o familiares o por simple diversi\u00f3n o desbrujule.<br \/>\nComo siempre, la anticipaci\u00f3n, fruto de la experiencia y del trabajo del d\u00eda a d\u00eda en las calles, fue ignorada y los legisladores terminaron por banalizar la exhibici\u00f3n de armas blancas en la v\u00eda p\u00fablica, que como mucho ha terminado siendo penalizada con una sanci\u00f3n econ\u00f3mica.<br \/>\nSolo ser\u00e1 delito si se hace uso de ellas, enti\u00e9ndase con resultado de lesi\u00f3n o muerte.<br \/>\nDesde entonces, el terrorismo, en sus campa\u00f1as de terror, comenz\u00f3 a hacer uso de internet para facilitar unos expl\u00edcitos tutoriales sobre el uso del cuchillo, para degollar o atacar a las partes vitales del cuerpo y provocar la muerte. Ello est\u00e1 favoreciendo la proliferaci\u00f3n de lobos solitarios, que sin coste para las organizaciones, emprenden por su cuenta, atentados terroristas que no necesitan de medios, ni de infraestructura y que causan terror, en la poblaci\u00f3n, por su imprevisi\u00f3n.<br \/>\nEl consumo de drogas y alcoholes y tambi\u00e9n el aumento del porcentaje de ciudadanos, que no trabaja, y que se ha especializado en la supervivencia par\u00e1sita, ha aumentado el n\u00famero de desocupados que se pasean por nuestras calles, con una arma blanca en el cinto o escondida detr\u00e1s de la mu\u00f1eca.<br \/>\nNuestras calles se han vuelto inseguras porque nuestra sociedad burbuja se niega a afronta los problemas de seguridad, que suenan a rancio. Nuestra ciudadan\u00eda se ha acostumbrado a negar lo que no le gusta, mientras hace gala de superioridad moral, posicion\u00e1ndose entre diestros o zurdos y ensa\u00f1\u00e1ndose, de boquilla, con los pol\u00edticos.<\/p>\n","protected":false},"excerpt":{"rendered":"<p>Hace veinte a\u00f1os, cuando se empezaron a multiplicar los delitos por Internet, muchos estudiosos y te\u00f3ricos de la Seguridad P\u00fablica empezaron a afirmar que, en un futuro, el mundo del delito ser\u00eda digital. Vaticinaban la desaparici\u00f3n de los delitos, que denominaban primitivos. El ser humano, gracias a la formaci\u00f3n y la tecnolog\u00eda, dejar\u00eda as\u00ed de [&hellip;]<\/p>\n","protected":false},"author":22,"featured_media":688,"comment_status":"open","ping_status":"open","sticky":false,"template":"","format":"standard","meta":[],"categories":[3],"tags":[280,428,430,429,432,4,431,256,433,85],"_links":{"self":[{"href":"https:\/\/blogs.laverdad.es\/sargentoemilia\/wp-json\/wp\/v2\/posts\/687"}],"collection":[{"href":"https:\/\/blogs.laverdad.es\/sargentoemilia\/wp-json\/wp\/v2\/posts"}],"about":[{"href":"https:\/\/blogs.laverdad.es\/sargentoemilia\/wp-json\/wp\/v2\/types\/post"}],"author":[{"embeddable":true,"href":"https:\/\/blogs.laverdad.es\/sargentoemilia\/wp-json\/wp\/v2\/users\/22"}],"replies":[{"embeddable":true,"href":"https:\/\/blogs.laverdad.es\/sargentoemilia\/wp-json\/wp\/v2\/comments?post=687"}],"version-history":[{"count":2,"href":"https:\/\/blogs.laverdad.es\/sargentoemilia\/wp-json\/wp\/v2\/posts\/687\/revisions"}],"predecessor-version":[{"id":690,"href":"https:\/\/blogs.laverdad.es\/sargentoemilia\/wp-json\/wp\/v2\/posts\/687\/revisions\/690"}],"wp:featuredmedia":[{"embeddable":true,"href":"https:\/\/blogs.laverdad.es\/sargentoemilia\/wp-json\/wp\/v2\/media\/688"}],"wp:attachment":[{"href":"https:\/\/blogs.laverdad.es\/sargentoemilia\/wp-json\/wp\/v2\/media?parent=687"}],"wp:term":[{"taxonomy":"category","embeddable":true,"href":"https:\/\/blogs.laverdad.es\/sargentoemilia\/wp-json\/wp\/v2\/categories?post=687"},{"taxonomy":"post_tag","embeddable":true,"href":"https:\/\/blogs.laverdad.es\/sargentoemilia\/wp-json\/wp\/v2\/tags?post=687"}],"curies":[{"name":"wp","href":"https:\/\/api.w.org\/{rel}","templated":true}]}}