{"id":705,"date":"2026-01-15T10:07:14","date_gmt":"2026-01-15T10:07:14","guid":{"rendered":"https:\/\/blogs.laverdad.es\/sargentoemilia\/?p=705"},"modified":"2026-01-15T10:07:14","modified_gmt":"2026-01-15T10:07:14","slug":"policia-y-haters","status":"publish","type":"post","link":"https:\/\/blogs.laverdad.es\/sargentoemilia\/2026\/01\/15\/policia-y-haters\/","title":{"rendered":"Polic\u00eda y haters"},"content":{"rendered":"<p>Soy una polic\u00eda que ha demostrado, en su trabajo, que , con implicaci\u00f3n se pueden cambiar las cosas, si no se tiene miedo a disentir, y que, en cualquier faceta de nuestra vida, la rendici\u00f3n y el fatalismo nunca son una soluci\u00f3n.<br \/>\nSupongo que al no tener demasiados seguidores tampoco tengo demasiados haters, pero siempre me sorprende, ahora que todos queremos opinar, lo poco que algunos se lo curran.<br \/>\nLa gran mayor\u00eda de los que disienten no han terminado de escuchar mis argumentos y se lanzan en tromba, cuando creen entender que eres de derechas o que eres de izquierdas. Sueltan entonces un mont\u00f3n de lugares comunes sectarios, que no aportan nada y que pululan en las redes sociales y en las tertulias.<br \/>\nOtros no rebaten tus argumentos, por ceguera, por falta de comprensi\u00f3n lectora o porque su respuesta obedece a una necesidad de protagonismo que les incita a despreciarte, insultarte e intentar herirte. Con treinta y siete a\u00f1os de servicio en la calle, como polic\u00eda, esos ataques y las afirmaciones, de que soy facha o soy roja, me afectan bien poco.<br \/>\nTambi\u00e9n est\u00e1n los que van de malos malotes y te intentan epatar con argumentos extremos, olvidando que he tenido que lidiar, de t\u00fa a t\u00fa, con locos, asesinos y violentos, tambi\u00e9n en femenino.<br \/>\nCuriosamente, est\u00e1n los que se enfadan mucho con mis videos y que desde la rabia y el lenguaje coloquial, dicen lo mismo que he dicho yo.<br \/>\nLos que me parecen m\u00e1s inmaduros son los que aluden a que frente al hambre en el mundo, nada de lo que cuento tiene importancia. Un sindicalista, hace a\u00f1o, me dijo lo mismo, supongo que para despertar mi sentimiento de culpabilidad, cuando, por coherencia, intentamos, las mujeres de la polic\u00eda, conseguir el uso del pantal\u00f3n para el servicio en la calle.<br \/>\nFinalmente, est\u00e1n los que te reprochan tus denuncias, con la convicci\u00f3n de que todo es un caos y de que nada tienen soluci\u00f3n, porque estamos sometidos al poder y al dinero y que adem\u00e1s, para m\u00e1s inri, t\u00fa no eres nadie para tomar la palabra.<\/p>\n<p>&nbsp;<\/p>\n","protected":false},"excerpt":{"rendered":"<p>Soy una polic\u00eda que ha demostrado, en su trabajo, que , con implicaci\u00f3n se pueden cambiar las cosas, si no se tiene miedo a disentir, y que, en cualquier faceta de nuestra vida, la rendici\u00f3n y el fatalismo nunca son una soluci\u00f3n. Supongo que al no tener demasiados seguidores tampoco tengo demasiados haters, pero siempre [&hellip;]<\/p>\n","protected":false},"author":22,"featured_media":706,"comment_status":"open","ping_status":"open","sticky":false,"template":"","format":"standard","meta":[],"categories":[3],"tags":[448,4,447],"_links":{"self":[{"href":"https:\/\/blogs.laverdad.es\/sargentoemilia\/wp-json\/wp\/v2\/posts\/705"}],"collection":[{"href":"https:\/\/blogs.laverdad.es\/sargentoemilia\/wp-json\/wp\/v2\/posts"}],"about":[{"href":"https:\/\/blogs.laverdad.es\/sargentoemilia\/wp-json\/wp\/v2\/types\/post"}],"author":[{"embeddable":true,"href":"https:\/\/blogs.laverdad.es\/sargentoemilia\/wp-json\/wp\/v2\/users\/22"}],"replies":[{"embeddable":true,"href":"https:\/\/blogs.laverdad.es\/sargentoemilia\/wp-json\/wp\/v2\/comments?post=705"}],"version-history":[{"count":2,"href":"https:\/\/blogs.laverdad.es\/sargentoemilia\/wp-json\/wp\/v2\/posts\/705\/revisions"}],"predecessor-version":[{"id":708,"href":"https:\/\/blogs.laverdad.es\/sargentoemilia\/wp-json\/wp\/v2\/posts\/705\/revisions\/708"}],"wp:featuredmedia":[{"embeddable":true,"href":"https:\/\/blogs.laverdad.es\/sargentoemilia\/wp-json\/wp\/v2\/media\/706"}],"wp:attachment":[{"href":"https:\/\/blogs.laverdad.es\/sargentoemilia\/wp-json\/wp\/v2\/media?parent=705"}],"wp:term":[{"taxonomy":"category","embeddable":true,"href":"https:\/\/blogs.laverdad.es\/sargentoemilia\/wp-json\/wp\/v2\/categories?post=705"},{"taxonomy":"post_tag","embeddable":true,"href":"https:\/\/blogs.laverdad.es\/sargentoemilia\/wp-json\/wp\/v2\/tags?post=705"}],"curies":[{"name":"wp","href":"https:\/\/api.w.org\/{rel}","templated":true}]}}